{"id":1206,"date":"2014-06-23T19:11:33","date_gmt":"2014-06-23T19:11:33","guid":{"rendered":"http:\/\/www.almasibalazs.hu\/?p=1206"},"modified":"2021-05-31T15:22:31","modified_gmt":"2021-05-31T15:22:31","slug":"kiallitas-a-mucsarnokban","status":"publish","type":"post","link":"https:\/\/almasibalazs.hu\/?p=1206","title":{"rendered":"Ki\u00e1ll\u00edtunk a M\u0171csarnokban!"},"content":{"rendered":"<p><span class=\"cimsor\"><br \/>\nAz <\/span><span class=\"cimsor\"><span class=\"cimsor\">I. \u00c9p\u00edt\u00e9szeti Nemzeti Szalon \u2013<\/span>100% kreativit\u00e1s n\u00e9ven, <\/span>minden id\u0151k legjelent\u0151sebb kort\u00e1rs \u00e9p\u00edt\u00e9szeti \u00f6sszefoglal\u00f3-ki\u00e1ll\u00edt\u00e1s\u00e1nak ad otthont a M\u0171csarnok. A nagyszab\u00e1s\u00fa t\u00e1rlaton t\u00f6bb mint 200 \u00e9p\u00fclet \u00e9s tervez\u0151je vonulnak fel, s adnak \u00edzel\u00edt\u0151t napjaink \u00e9s a k\u00f6zelm\u00falt izgalmas magyar \u00e9p\u00edt\u00e9szet\u00e9b\u0151l, makettek, \u00f3ri\u00e1snyomatok, filmek, tervek \u00e9s egy\u00e9b m\u0171alkot\u00e1sok, illetve dokument\u00e1ci\u00f3k r\u00e9v\u00e9n.<br \/>\n<!--more--><br \/>\nA 2014-es \u00e9vet \u2013 Ybl Mikl\u00f3s sz\u00fclet\u00e9s\u00e9nek bicenten\u00e1rium\u00e1t \u2013 a korm\u00e1ny az \u00c9p\u00edt\u00e9szet \u00c9v\u00e9nek nyilv\u00e1n\u00edtotta. Az \u00fcnnepi \u00e9v sz\u00e1mos esem\u00e9nyt k\u00edn\u00e1l annak a gondolatnak a n\u00e9pszer\u0171s\u00edt\u00e9s\u00e9re, hogy az \u00e9p\u00edt\u00e9szet a magyar kult\u00fara egyik meghat\u00e1roz\u00f3 eleme, kiemelked\u0151 kultur\u00e1lis \u00e9rt\u00e9k. Ugyanakkor az \u00e9p\u00edt\u00e9szek alkot\u00f3 munk\u00e1ja hagyom\u00e1nyosan az innov\u00e1ci\u00f3 hordoz\u00f3ja, \u00e9ppen ez\u00e9rt az I. \u00c9p\u00edt\u00e9szeti Nemzeti Szalon a jelen mellett a j\u00f6v\u0151 \u00f6kologikus gondolkod\u00e1s\u00e1ra figyel\u0151 \u00e9p\u00edt\u00e9szet\u00e9re is f\u00f3kusz\u00e1l.<br \/>\nA t\u00e1rlat k\u00f6z\u00e9ppontj\u00e1ban a kreativit\u00e1s dics\u00e9rete \u00e1ll. A magyar \u00e9p\u00edt\u0151m\u0171v\u00e9szet k\u00fcl\u00f6nb\u00f6z\u0151 ir\u00e1nyzatait bemutat\u00f3 anyagv\u00e1logat\u00e1s a legsz\u00e9lesebb befogad\u00f3i ig\u00e9nyekhez igazodik: az elm\u00falt m\u00e1sf\u00e9l \u00e9vtized magas \u00e9p\u00edt\u00e9szeti \u00e9rt\u00e9keket hordoz\u00f3 \u00e9s l\u00e1tv\u00e1nyos \u00e9p\u00fcletei, megker\u00fclhetetlen beruh\u00e1z\u00e1sai \u00e9pp\u00fagy megjelennek a mintegy 2500 n\u00e9gyzetm\u00e9teres ki\u00e1ll\u00edt\u00f3t\u00e9rben, mint a kis k\u00f6z\u00f6ss\u00e9gek templomai, k\u00f6z\u00f6ss\u00e9gi terei vagy emblematikus h\u00e1zai. Emellett a ki\u00e1ll\u00edt\u00e1s egy-egy teremben megid\u00e9zi az el\u0151z\u0151 gener\u00e1ci\u00f3 legjelent\u0151sebb mestereit, de helyet kapnak az \u00e9p\u00edt\u00e9szoktat\u00e1s mai m\u0171helyei, hallgat\u00f3ik munk\u00e1i, \u00e9s az \u00e9p\u00edtve tan\u00edt\u00e1s k\u00fcl\u00f6nleges dimenzi\u00f3ja: a v\u00e1ndoriskola is. <strong>K\u00fcl\u00f6n egys\u00e9gekben jelentkezik<\/strong> a m\u0171eml\u00e9kek \u00fajragondolt \u00e9p\u00edt\u00e9szete, <strong>a kort\u00e1rs t\u00e1j\u00e9p\u00edt\u00e9szet<\/strong>, a bels\u0151\u00e9p\u00edt\u00e9szet, emellett pedig t\u00f6bb, az \u00e9p\u00edt\u00e9szethez kapcsol\u00f3d\u00f3 t\u00e1rsm\u0171v\u00e9szeti alkot\u00e1s is v\u00e1rja a k\u00f6z\u00f6ns\u00e9get.<br \/>\nAz a hatalmas megtiszteltet\u00e9s \u00e9rt, hogy <strong>n\u00e9gy alkot\u00e1sunk is szerepel a kort\u00e1rs t\u00e1j\u00e9p\u00edt\u00e9szeti szekci\u00f3ban<\/strong>: Nagyt\u00e9t\u00e9ny t\u00f6rt\u00e9neti k\u00f6zpontj\u00e1nak rehabilit\u00e1ci\u00f3ja, illetve M\u00e1dl Ferenc s\u00edreml\u00e9ke a falon, illetve az Id\u0151kapszula \u00e9s a K\u00e9szenL\u00e9t &#8211; konzervkert sz\u00fcret vide\u00f3k pedig egy plazm\u00e1n, a marasztal\u00f3 babzs\u00e1kokkal szemezve. <strong>A ki\u00e1ll\u00edt\u00e1s<\/strong> eg\u00e9sz ny\u00e1ron,<strong> szeptember 7-ig megtekinthet\u0151<\/strong>. Izgalmas \u00e9p\u00edt\u00e9szeti t\u00e9m\u00e1j\u00fa besz\u00e9lget\u00e9sek is szerepelnek h\u00e9tr\u0151l-h\u00e9tre a programban.<\/p>\n<p><a href=\"http:\/\/www.mucsarnok.hu\/new_site\/index.php?lang=hu&amp;t=798&amp;curmenu=101\" target=\"_blank\" rel=\"noopener noreferrer\">B\u0151vebb inform\u00e1ci\u00f3 &gt;&gt;<\/a><\/p>\n<p><img loading=\"lazy\" decoding=\"async\" class=\"alignnone size-large wp-image-2010\" src=\"http:\/\/www.almasibalazs.hu\/wp-content\/uploads\/20140731_135303-576x768.jpg\" alt=\"\" width=\"576\" height=\"768\" srcset=\"https:\/\/almasibalazs.hu\/wp-content\/uploads\/20140731_135303-576x768.jpg 576w, https:\/\/almasibalazs.hu\/wp-content\/uploads\/20140731_135303-225x300.jpg 225w, https:\/\/almasibalazs.hu\/wp-content\/uploads\/20140731_135303-768x1024.jpg 768w, https:\/\/almasibalazs.hu\/wp-content\/uploads\/20140731_135303.jpg 1536w\" sizes=\"auto, (max-width: 576px) 100vw, 576px\" \/><\/p>\n<table class=\"szoveg\" width=\"485\" cellspacing=\"0\" cellpadding=\"0\" border=\"0\">\n<tbody>\n<tr>\n<td colspan=\"3\" valign=\"top\" align=\"right\"><a><img decoding=\"async\" src=\"http:\/\/www.mucsarnok.hu\/new_site\/images\/hu\/back_page1.gif\" alt=\"\" name=\"back\" border=\"0\"><\/a> <img loading=\"lazy\" decoding=\"async\" src=\"http:\/\/www.mucsarnok.hu\/new_site\/images\/spacer.gif\" alt=\"\" width=\"2\" height=\"1\" border=\"0\"> <a href=\"http:\/\/www.mucsarnok.hu\/new_site\/index.php?lang=en&amp;t=798\"><img decoding=\"async\" src=\"http:\/\/www.mucsarnok.hu\/new_site\/images\/en\/lang.gif\" alt=\"\" name=\"bn_lang\" border=\"0\"><\/a> <img loading=\"lazy\" decoding=\"async\" src=\"http:\/\/www.mucsarnok.hu\/new_site\/images\/spacer.gif\" alt=\"\" width=\"3\" height=\"1\" border=\"0\"><\/td>\n<\/tr>\n<tr>\n<td colspan=\"3\" valign=\"top\" height=\"24\"><span class=\"cimsor\">I. \u00c9p\u00edt\u00e9szeti Nemzeti Szalon \u2013 <strong>100% kreativit\u00e1s<\/strong> <\/span><\/td>\n<\/tr>\n<\/tbody>\n<\/table>\n<p><span style=\"border-radius: 2px; text-indent: 20px; width: auto; padding: 0px 4px 0px 0px; text-align: center; font: bold 11px\/20px 'Helvetica Neue',Helvetica,sans-serif; color: #ffffff; background: #bd081c  no-repeat scroll 3px 50% \/ 14px 14px; position: absolute; opacity: 1; z-index: 8675309; display: none; cursor: pointer;\">Ment\u00e9s<\/span><\/p>\n","protected":false},"excerpt":{"rendered":"<p>Az I. \u00c9p\u00edt\u00e9szeti Nemzeti Szalon \u2013100% kreativit\u00e1s n\u00e9ven, minden id\u0151k legjelent\u0151sebb kort\u00e1rs \u00e9p\u00edt\u00e9szeti \u00f6sszefoglal\u00f3-ki\u00e1ll\u00edt\u00e1s\u00e1nak ad otthont a M\u0171csarnok. A nagyszab\u00e1s\u00fa t\u00e1rlaton t\u00f6bb mint 200 \u00e9p\u00fclet \u00e9s tervez\u0151je vonulnak fel, s adnak \u00edzel\u00edt\u0151t napjaink \u00e9s a k\u00f6zelm\u00falt izgalmas magyar \u00e9p\u00edt\u00e9szet\u00e9b\u0151l, makettek, \u00f3ri\u00e1snyomatok, filmek, tervek \u00e9s egy\u00e9b m\u0171alkot\u00e1sok, illetve dokument\u00e1ci\u00f3k r\u00e9v\u00e9n.<\/p>\n","protected":false},"author":1,"featured_media":1212,"comment_status":"open","ping_status":"open","sticky":false,"template":"","format":"standard","meta":{"_monsterinsights_skip_tracking":false,"_monsterinsights_sitenote_active":false,"_monsterinsights_sitenote_note":"","_monsterinsights_sitenote_category":0,"footnotes":""},"categories":[15],"tags":[],"class_list":["post-1206","post","type-post","status-publish","format-standard","has-post-thumbnail","hentry","category-hirek"],"_links":{"self":[{"href":"https:\/\/almasibalazs.hu\/index.php?rest_route=\/wp\/v2\/posts\/1206","targetHints":{"allow":["GET"]}}],"collection":[{"href":"https:\/\/almasibalazs.hu\/index.php?rest_route=\/wp\/v2\/posts"}],"about":[{"href":"https:\/\/almasibalazs.hu\/index.php?rest_route=\/wp\/v2\/types\/post"}],"author":[{"embeddable":true,"href":"https:\/\/almasibalazs.hu\/index.php?rest_route=\/wp\/v2\/users\/1"}],"replies":[{"embeddable":true,"href":"https:\/\/almasibalazs.hu\/index.php?rest_route=%2Fwp%2Fv2%2Fcomments&post=1206"}],"version-history":[{"count":7,"href":"https:\/\/almasibalazs.hu\/index.php?rest_route=\/wp\/v2\/posts\/1206\/revisions"}],"predecessor-version":[{"id":3530,"href":"https:\/\/almasibalazs.hu\/index.php?rest_route=\/wp\/v2\/posts\/1206\/revisions\/3530"}],"wp:featuredmedia":[{"embeddable":true,"href":"https:\/\/almasibalazs.hu\/index.php?rest_route=\/wp\/v2\/media\/1212"}],"wp:attachment":[{"href":"https:\/\/almasibalazs.hu\/index.php?rest_route=%2Fwp%2Fv2%2Fmedia&parent=1206"}],"wp:term":[{"taxonomy":"category","embeddable":true,"href":"https:\/\/almasibalazs.hu\/index.php?rest_route=%2Fwp%2Fv2%2Fcategories&post=1206"},{"taxonomy":"post_tag","embeddable":true,"href":"https:\/\/almasibalazs.hu\/index.php?rest_route=%2Fwp%2Fv2%2Ftags&post=1206"}],"curies":[{"name":"wp","href":"https:\/\/api.w.org\/{rel}","templated":true}]}}