{"id":2050,"date":"2007-12-02T15:06:51","date_gmt":"2007-12-02T15:06:51","guid":{"rendered":"http:\/\/www.almasibalazs.hu\/?p=2050"},"modified":"2017-11-25T15:16:37","modified_gmt":"2017-11-25T15:16:37","slug":"the-main-square-of-pecs-uranvaros-and-its-related-public-spaces","status":"publish","type":"post","link":"https:\/\/almasibalazs.hu\/?p=2050","title":{"rendered":"The main square of Pecs-Uranvaros and its related public spaces"},"content":{"rendered":"<p><!--more--><\/p>\n<div id='gallery-1' class='gallery galleryid-2050 gallery-columns-4 gallery-size-thumbnail'><figure class='gallery-item'>\n\t\t\t<div class='gallery-icon landscape'>\n\t\t\t\t<a href='https:\/\/almasibalazs.hu\/wp-content\/uploads\/poszter_2_vegleges.jpg' rel=\"lightbox[gallery-0]\"><img loading=\"lazy\" decoding=\"async\" width=\"150\" height=\"150\" src=\"https:\/\/almasibalazs.hu\/wp-content\/uploads\/poszter_2_vegleges-150x150.jpg\" class=\"attachment-thumbnail size-thumbnail\" alt=\"\" sizes=\"auto, 100vw\" \/><\/a>\n\t\t\t<\/div><\/figure><figure class='gallery-item'>\n\t\t\t<div class='gallery-icon landscape'>\n\t\t\t\t<a href='https:\/\/almasibalazs.hu\/wp-content\/uploads\/poszter_3_vegleges.jpg' rel=\"lightbox[gallery-0]\"><img loading=\"lazy\" decoding=\"async\" width=\"150\" height=\"150\" src=\"https:\/\/almasibalazs.hu\/wp-content\/uploads\/poszter_3_vegleges-150x150.jpg\" class=\"attachment-thumbnail size-thumbnail\" alt=\"\" sizes=\"auto, 100vw\" \/><\/a>\n\t\t\t<\/div><\/figure><figure class='gallery-item'>\n\t\t\t<div class='gallery-icon landscape'>\n\t\t\t\t<a href='https:\/\/almasibalazs.hu\/wp-content\/uploads\/poszter_1_vegleges.jpg' rel=\"lightbox[gallery-0]\"><img loading=\"lazy\" decoding=\"async\" width=\"150\" height=\"150\" src=\"https:\/\/almasibalazs.hu\/wp-content\/uploads\/poszter_1_vegleges-150x150.jpg\" class=\"attachment-thumbnail size-thumbnail\" alt=\"\" sizes=\"auto, 100vw\" \/><\/a>\n\t\t\t<\/div><\/figure><figure class='gallery-item'>\n\t\t\t<div class='gallery-icon landscape'>\n\t\t\t\t<a href='https:\/\/almasibalazs.hu\/wp-content\/uploads\/poszter_5_vegleges.jpg' rel=\"lightbox[gallery-0]\"><img loading=\"lazy\" decoding=\"async\" width=\"150\" height=\"150\" src=\"https:\/\/almasibalazs.hu\/wp-content\/uploads\/poszter_5_vegleges-150x150.jpg\" class=\"attachment-thumbnail size-thumbnail\" alt=\"\" sizes=\"auto, 100vw\" \/><\/a>\n\t\t\t<\/div><\/figure><figure class='gallery-item'>\n\t\t\t<div class='gallery-icon landscape'>\n\t\t\t\t<a href='https:\/\/almasibalazs.hu\/wp-content\/uploads\/poszter_4_vegleges.jpg' rel=\"lightbox[gallery-0]\"><img loading=\"lazy\" decoding=\"async\" width=\"150\" height=\"150\" src=\"https:\/\/almasibalazs.hu\/wp-content\/uploads\/poszter_4_vegleges-150x150.jpg\" class=\"attachment-thumbnail size-thumbnail\" alt=\"\" sizes=\"auto, 100vw\" \/><\/a>\n\t\t\t<\/div><\/figure><figure class='gallery-item'>\n\t\t\t<div class='gallery-icon portrait'>\n\t\t\t\t<a href='https:\/\/almasibalazs.hu\/wp-content\/uploads\/Vil\u00e1g\u00edt\u00e1s.jpg' rel=\"lightbox[gallery-0]\"><img loading=\"lazy\" decoding=\"async\" width=\"150\" height=\"150\" src=\"https:\/\/almasibalazs.hu\/wp-content\/uploads\/Vil\u00e1g\u00edt\u00e1s-150x150.jpg\" class=\"attachment-thumbnail size-thumbnail\" alt=\"\" sizes=\"auto, 100vw\" \/><\/a>\n\t\t\t<\/div><\/figure>\n\t\t<\/div>\n\n<p><strong>Venue<\/strong>:\u00a0\u00a0 Pecs \u2013 Uranvaros, Hungary<br \/>\n<strong>Project name<\/strong>:\u00a0\u00a0 <span id=\"result_box\" class=\"\" lang=\"en\"><span class=\"\">Planning the main square of the P\u00e9cs-Ur\u00e1nv\u00e1ros and its related public spaces<\/span><\/span><br \/>\n<strong>Date<\/strong>:\u00a0\u00a0\u00a0 December 2007 .<br \/>\n<strong>Landscape architecture<\/strong>:\u00a0 MALUS Bt. Balazs ALMASI, Antal GERGELY, Beatrix BOCS, Veronika FALLY, Mate SAROSPATAKI, Szilvia TANCZOS, Rita VARGA<br \/>\n<strong>Result<\/strong>:\u00a0\u00a0 3. prize<\/p>\n<p><span id=\"result_box\" class=\"\" lang=\"en\"><span class=\"alt-edited\">In August 2007, the Municipality of P\u00e9cs County Council announced a design competition entitled &#8222;Designing the Main Square of the P\u00e9cs-Ur\u00e1nv\u00e1ros and its Related Public Areas&#8221; in the framework of the key project &#8222;The Revitalization of Public Gardens and Parks&#8221; under the &#8222;European Capital of Culture-P\u00e9cs2010&#8221; program. <\/span><\/span><span id=\"result_box\" class=\"\" lang=\"en\"><span class=\"\">The subject of the contest was the transformation and arrangement of Ur\u00e1nv\u00e1ros and the Ur\u00e1nb\u00e1ny\u00e1sz square and its surroundings as the main square of West P\u00e9cs.<\/span> <span class=\"alt-edited\">During the planning, we had to be sensitive to the unique image, historical significance and urban development of Ur\u00e1nv\u00e1ros.<\/span><\/span><\/p>\n<p><span style=\"border-radius: 2px; text-indent: 20px; width: auto; padding: 0px 4px 0px 0px; text-align: center; font: bold 11px\/20px 'Helvetica Neue',Helvetica,sans-serif; color: #ffffff; background: #bd081c  no-repeat scroll 3px 50% \/ 14px 14px; position: absolute; opacity: 1; z-index: 8675309; display: none; cursor: pointer;\">Ment\u00e9s<\/span><\/p>\n","protected":false},"excerpt":{"rendered":"","protected":false},"author":1,"featured_media":1061,"comment_status":"open","ping_status":"open","sticky":false,"template":"","format":"standard","meta":{"_monsterinsights_skip_tracking":false,"_monsterinsights_sitenote_active":false,"_monsterinsights_sitenote_note":"","_monsterinsights_sitenote_category":0,"footnotes":""},"categories":[104],"tags":[],"class_list":["post-2050","post","type-post","status-publish","format-standard","has-post-thumbnail","hentry","category-competition"],"_links":{"self":[{"href":"https:\/\/almasibalazs.hu\/index.php?rest_route=\/wp\/v2\/posts\/2050","targetHints":{"allow":["GET"]}}],"collection":[{"href":"https:\/\/almasibalazs.hu\/index.php?rest_route=\/wp\/v2\/posts"}],"about":[{"href":"https:\/\/almasibalazs.hu\/index.php?rest_route=\/wp\/v2\/types\/post"}],"author":[{"embeddable":true,"href":"https:\/\/almasibalazs.hu\/index.php?rest_route=\/wp\/v2\/users\/1"}],"replies":[{"embeddable":true,"href":"https:\/\/almasibalazs.hu\/index.php?rest_route=%2Fwp%2Fv2%2Fcomments&post=2050"}],"version-history":[{"count":2,"href":"https:\/\/almasibalazs.hu\/index.php?rest_route=\/wp\/v2\/posts\/2050\/revisions"}],"predecessor-version":[{"id":2052,"href":"https:\/\/almasibalazs.hu\/index.php?rest_route=\/wp\/v2\/posts\/2050\/revisions\/2052"}],"wp:featuredmedia":[{"embeddable":true,"href":"https:\/\/almasibalazs.hu\/index.php?rest_route=\/wp\/v2\/media\/1061"}],"wp:attachment":[{"href":"https:\/\/almasibalazs.hu\/index.php?rest_route=%2Fwp%2Fv2%2Fmedia&parent=2050"}],"wp:term":[{"taxonomy":"category","embeddable":true,"href":"https:\/\/almasibalazs.hu\/index.php?rest_route=%2Fwp%2Fv2%2Fcategories&post=2050"},{"taxonomy":"post_tag","embeddable":true,"href":"https:\/\/almasibalazs.hu\/index.php?rest_route=%2Fwp%2Fv2%2Ftags&post=2050"}],"curies":[{"name":"wp","href":"https:\/\/api.w.org\/{rel}","templated":true}]}}