{"id":2793,"date":"2018-10-05T21:25:04","date_gmt":"2018-10-05T21:25:04","guid":{"rendered":"http:\/\/www.almasibalazs.hu\/?p=2793"},"modified":"2020-06-28T08:31:12","modified_gmt":"2020-06-28T08:31:12","slug":"ok-az-idei-diplomadijasok-szep-volt-3di","status":"publish","type":"post","link":"https:\/\/almasibalazs.hu\/?p=2793","title":{"rendered":"\u0150k az idei diplomad\u00edjasok &#8211; sz\u00e9p volt &#8216;3di&#8217;"},"content":{"rendered":"<p><img loading=\"lazy\" decoding=\"async\" class=\"alignnone size-full wp-image-3441\" src=\"http:\/\/www.almasibalazs.hu\/wp-content\/uploads\/952_43039153-1140115746145931-1661058862058307584-n.jpg\" alt=\"\" width=\"952\" height=\"638\" srcset=\"https:\/\/almasibalazs.hu\/wp-content\/uploads\/952_43039153-1140115746145931-1661058862058307584-n.jpg 952w, https:\/\/almasibalazs.hu\/wp-content\/uploads\/952_43039153-1140115746145931-1661058862058307584-n-300x201.jpg 300w, https:\/\/almasibalazs.hu\/wp-content\/uploads\/952_43039153-1140115746145931-1661058862058307584-n-768x515.jpg 768w\" sizes=\"auto, (max-width: 767px) 89vw, (max-width: 1000px) 54vw, (max-width: 1071px) 543px, 580px\" \/><\/p>\n<p><!--more-->A <strong>Magyar \u00c9p\u00edt\u00e9sz Kamara<\/strong> \u00e9s a <strong>Magyar \u00c9p\u00edt\u00e9szek Sz\u00f6vets\u00e9ge<\/strong> \u00e1ltal meghirdetett Diplomad\u00edj p\u00e1ly\u00e1zatra id\u00e9n 92 p\u00e1lyam\u0171 \u00e9rkezett. A be\u00e9rkezett terveket n\u00e9gy t\u00e9ma szerint csoportos\u00edtott\u00e1k (\u00e9p\u00edt\u00e9szet &#8211; m\u0171eml\u00e9kv\u00e9delem egy\u00fctt, bels\u0151\u00e9p\u00edt\u00e9szet, ter\u00fclet- \u00e9s telep\u00fcl\u00e9stervez\u00e9s, t\u00e1j- \u00e9s kert\u00e9p\u00edt\u00e9szet), melyeket k\u00fcl\u00f6n szak\u00e9rt\u0151 zs\u0171ri b\u00edr\u00e1lt.<\/p>\n<h3>M\u00c9K-M\u00c9SZ Diplomad\u00edj Bizotts\u00e1g 2018<\/h3>\n<p>T\u00e1j \u00e9s kert\u00e9p\u00edt\u00e9szet: <strong>Schuchmann P\u00e9ter, Bard\u00f3czi S\u00e1ndor, S\u00e1ndor Tam\u00e1s, Szloszj\u00e1r Gy\u00f6rgy<\/strong><\/p>\n<h3>A M\u00c9K T\u00e1j- \u00e9s kert\u00e9p\u00edt\u00e9szeti Tagozat Diplomad\u00edja<\/h3>\n<p><span style=\"color: #ff0000;\"><strong>Kelemen Edmond Istv\u00e1n<\/strong><\/span><\/p>\n<ul>\n<li>Szent Istv\u00e1n Egyetem, T\u00e1j\u00e9p\u00edt\u00e9szeti- \u00e9s Telep\u00fcl\u00e9stervez\u00e9si Kar, Kert- \u00e9s Szabadt\u00e9rtervez\u00e9si Tansz\u00e9k<\/li>\n<li>Budapest, <strong>Kelenf\u00f6ld Duna Part szabadt\u00e9r \u00e9p\u00edt\u00e9szeti terve<\/strong> c\u00edm\u0171 munk\u00e1j\u00e1\u00e9rt.<\/li>\n<li>Konzulens: <strong>Alm\u00e1si Bal\u00e1zs DLA, PhD<\/strong><\/li>\n<\/ul>\n<p>A diplomaterv t\u00e9mav\u00e1laszt\u00e1sa aktu\u00e1lis, mivel a f\u0151v\u00e1ros kiemelt fejleszt\u00e9s el\u0151tt \u00e1ll\u00f3 Duna menti ter\u00fclet\u00e9t vizsg\u00e1lva fogalmaz meg a tov\u00e1bbtervez\u00e9s sor\u00e1n is megfontol\u00e1sra \u00e9rdemes \u00e9rt\u00e9kes javaslatokat. Anal\u00edzise alapos, mindenre kiterjed\u0151 \u00e9s szintetiz\u00e1l\u00f3. Magas szakmai sz\u00ednvonalon megfogalmazott Javaslataival \u00fagy teremt \u00faj \u00e9rt\u00e9ket, hogy maxim\u00e1lisan figyelemmel van a megl\u00e9v\u0151 potenci\u00e1lokra. A terv j\u00f3l \u00f6tv\u00f6zi az \u00e9p\u00edtett \u00e9s a term\u00e9szeti elemeket, harm\u00f3ni\u00e1t teremtve k\u00f6z\u00f6tt\u00fck. A diplomaterv a t\u00e9rs\u00e9gi \u00f6sszef\u00fcgg\u00e9sekt\u0151l a t\u00e1j\u00e9p\u00edt\u00e9szeti beavatkoz\u00e1sok r\u00e9szletmegold\u00e1s\u00e1ig v\u00e9gig gondolt. A javaslatok k\u00f6z\u00f6tt k\u00fcl\u00f6n figyelemre m\u00e9lt\u00f3 az a t\u00e1rsul\u00e1sment\u0151 k\u00eds\u00e9rlet, amely egy sztyeppr\u00e9ti t\u00e1rsul\u00e1s vissza\u00e1ll\u00edt\u00e1s\u00e1ra vonatkozik.<strong><br \/>\n<\/strong><\/p>\n<p><a href=\"http:\/\/epiteszforum.hu\/ok-az-idei-diplomadijasok\" target=\"_blank\" rel=\"noopener noreferrer\"><span style=\"color: #ff0000;\">A tov\u00e1bbi d\u00edjazottakr\u00f3l ide kattintva olvashat az \u00e9p\u00edt\u00e9szf\u00f3rum cikk\u00e9ben<\/span><\/a><span style=\"color: #ff0000;\">.<\/span> A fent megjelen\u00edtett h\u00edrt is ebb\u0151l a cikkb\u0151l id\u00e9zt\u00fck.<\/p>\n","protected":false},"excerpt":{"rendered":"","protected":false},"author":1,"featured_media":0,"comment_status":"open","ping_status":"open","sticky":false,"template":"","format":"standard","meta":{"_monsterinsights_skip_tracking":false,"_monsterinsights_sitenote_active":false,"_monsterinsights_sitenote_note":"","_monsterinsights_sitenote_category":0,"footnotes":""},"categories":[15],"tags":[],"class_list":["post-2793","post","type-post","status-publish","format-standard","hentry","category-hirek"],"_links":{"self":[{"href":"https:\/\/almasibalazs.hu\/index.php?rest_route=\/wp\/v2\/posts\/2793","targetHints":{"allow":["GET"]}}],"collection":[{"href":"https:\/\/almasibalazs.hu\/index.php?rest_route=\/wp\/v2\/posts"}],"about":[{"href":"https:\/\/almasibalazs.hu\/index.php?rest_route=\/wp\/v2\/types\/post"}],"author":[{"embeddable":true,"href":"https:\/\/almasibalazs.hu\/index.php?rest_route=\/wp\/v2\/users\/1"}],"replies":[{"embeddable":true,"href":"https:\/\/almasibalazs.hu\/index.php?rest_route=%2Fwp%2Fv2%2Fcomments&post=2793"}],"version-history":[{"count":6,"href":"https:\/\/almasibalazs.hu\/index.php?rest_route=\/wp\/v2\/posts\/2793\/revisions"}],"predecessor-version":[{"id":3442,"href":"https:\/\/almasibalazs.hu\/index.php?rest_route=\/wp\/v2\/posts\/2793\/revisions\/3442"}],"wp:attachment":[{"href":"https:\/\/almasibalazs.hu\/index.php?rest_route=%2Fwp%2Fv2%2Fmedia&parent=2793"}],"wp:term":[{"taxonomy":"category","embeddable":true,"href":"https:\/\/almasibalazs.hu\/index.php?rest_route=%2Fwp%2Fv2%2Fcategories&post=2793"},{"taxonomy":"post_tag","embeddable":true,"href":"https:\/\/almasibalazs.hu\/index.php?rest_route=%2Fwp%2Fv2%2Ftags&post=2793"}],"curies":[{"name":"wp","href":"https:\/\/api.w.org\/{rel}","templated":true}]}}