{"id":2814,"date":"2018-11-29T18:00:11","date_gmt":"2018-11-29T18:00:11","guid":{"rendered":"http:\/\/www.almasibalazs.hu\/?p=2814"},"modified":"2019-01-03T18:13:25","modified_gmt":"2019-01-03T18:13:25","slug":"ottlik-kert-palyazat-eredmeny","status":"publish","type":"post","link":"https:\/\/almasibalazs.hu\/?p=2814","title":{"rendered":"Ottlik Kert p\u00e1ly\u00e1zat eredm\u00e9ny"},"content":{"rendered":"<p><!--more--><span class=\"fullview-teaser\">A B32 Gal\u00e9ria \u00e9s Kult\u00fart\u00e9rben \u00fcnnep\u00e9lyes keretek k\u00f6z\u00f6tt hirdett\u00e9k ki az \u00dajbuda \u00d6nkorm\u00e1nyzata \u00e1ltal ki\u00edrt <em>Ottlik kert<\/em> tervp\u00e1ly\u00e1zat gy\u0151ztes\u00e9t.<\/span><\/p>\n<p>Budapest F\u0151v\u00e1ros XI. Ker\u00fclet \u00dajbuda \u00d6nkorm\u00e1nyzata a ny\u00e1r folyam\u00e1n ny\u00edlt tervp\u00e1ly\u00e1zatot hirdetett Ottlik kert c\u00edmen, egy olyan k\u00f6z\u00f6ss\u00e9gi t\u00e9r l\u00e9trehoz\u00e1s\u00e1ra a ker\u00fclet sz\u00edv\u00e9ben, amely egyszerre \u00e1ll\u00edt eml\u00e9ket Ottlik G\u00e9za Kossuth- \u00e9s J\u00f3zsef Attila-d\u00edjas \u00edr\u00f3nak, m\u0171ford\u00edt\u00f3nak, \u00e9s ad \u00faj funkci\u00f3t az egykori, Bukarest utcai buszv\u00e9g\u00e1llom\u00e1s k\u00f6rnyezet\u00e9nek is. Az \u00f6nkorm\u00e1nyzat p\u00e1ly\u00e1zati felh\u00edv\u00e1s\u00e1r\u00e1ra \u00f6sszesen tizen\u00f6t p\u00e1lyam\u0171 \u00e9rkezett, amelyek k\u00f6z\u00fcl szakmai zs\u0171ri v\u00e1lasztotta ki a legjobbakat. A b\u00edr\u00e1l\u00f3bizotts\u00e1g tiszteletbeli eln\u00f6ke Hoffmann Tam\u00e1s polg\u00e1rmester, eln\u00f6ke Moh\u00e1csi S\u00e1ndor t\u00e1j\u00e9p\u00edt\u00e9sz, tov\u00e1bbi tagjai Er\u0151 Zolt\u00e1n \u00e9p\u00edt\u00e9sz, urbanista, G\u00e1lhidy P\u00e9ter szobr\u00e1sz, Kulcs\u00e1r-Szab\u00f3 Zolt\u00e1n irodalomt\u00f6rt\u00e9n\u00e9sz, valamint az \u00f6nkorm\u00e1nyzat r\u00e9sz\u00e9r\u0151l B\u00fcki L\u00e1szl\u00f3 v\u00e1rosgazd\u00e1lkod\u00e1si igazgat\u00f3 \u00e9s Tak\u00e1cs Viktor mb. f\u0151\u00e9p\u00edt\u00e9sz voltak. A teljes cikk <span style=\"color: #ff0000;\"><em><a style=\"color: #ff0000;\" href=\"https:\/\/ujbuda.hu\/ujbuda\/kihirdettek-az-ujbudai-ottlik-kert-nyilt-tervpalyazat-eredmenyet?fbclid=IwAR1ZQJvLENWNvK8m9as7HTUoW4LTsaHWxWj8g7hIRKOuOn-9-xAX47wVdkA\" target=\"_blank\" rel=\"noopener\">itt olvashat\u00f3<\/a><\/em>.<\/span><\/p>\n<p>1. helyezett<br>\nMass\u00e1ny Edina, Megyeri Zs\u00f3fia, Remeczki Rita (Open air design Kft.) \u00e9s Scheuch Dominik (YEWO LANDSCAPES e.U.)<\/p>\n<p>2. helyezett<br>\nBiri Bal\u00e1zs, Monory Rebeka, P\u00e1lfy M\u00e1t\u00e9, Szab\u00f3 Levente (Hetedik M\u0171terem Kft.), Gy\u00fcre Borb\u00e1la, K\u00e1ntor-Turi Emese (Geum M\u0171terem Kft.), Borsa Aliz<\/p>\n<p>3. helyezett<br>\n<strong>Dr. Alm\u00e1si Bal\u00e1zs, B\u00f6rcs\u00f6k Brigitta, Koller Margit<\/strong><\/p>\n<p>K\u00fcl\u00f6nd\u00edjasok<\/p>\n<p>Sipos Kata, Szende Andr\u00e1s, V\u00f6r\u00f6s Bal\u00e1zs, valamint K\u0151halmy N\u00f3ra egy\u00e9ni indul\u00f3<\/p>\n<p>A p\u00e1ly\u00e1zatokb\u00f3l ny\u00edlt ki\u00e1ll\u00edt\u00e1s 2018. december 5-ig tekinthet\u0151 meg a B32 Gal\u00e9ria \u00e9s Kult\u00fart\u00e9rben.<\/p>\n<p>&nbsp;<\/p>\n\n\n<figure class=\"wp-block-image\"><img loading=\"lazy\" decoding=\"async\" width=\"930\" height=\"768\" src=\"http:\/\/www.almasibalazs.hu\/wp-content\/uploads\/Eredm\u00e9nyhirdet\u00e9s-2-930x768.jpg\" alt=\"\" class=\"wp-image-2853\" srcset=\"https:\/\/almasibalazs.hu\/wp-content\/uploads\/Eredm\u00e9nyhirdet\u00e9s-2-930x768.jpg 930w, https:\/\/almasibalazs.hu\/wp-content\/uploads\/Eredm\u00e9nyhirdet\u00e9s-2-300x248.jpg 300w, https:\/\/almasibalazs.hu\/wp-content\/uploads\/Eredm\u00e9nyhirdet\u00e9s-2-768x634.jpg 768w, https:\/\/almasibalazs.hu\/wp-content\/uploads\/Eredm\u00e9nyhirdet\u00e9s-2.jpg 985w\" sizes=\"auto, (max-width: 767px) 89vw, (max-width: 1000px) 54vw, (max-width: 1071px) 543px, 580px\" \/><\/figure>\n","protected":false},"excerpt":{"rendered":"","protected":false},"author":1,"featured_media":2852,"comment_status":"open","ping_status":"open","sticky":false,"template":"","format":"standard","meta":{"_monsterinsights_skip_tracking":false,"_monsterinsights_sitenote_active":false,"_monsterinsights_sitenote_note":"","_monsterinsights_sitenote_category":0,"footnotes":""},"categories":[15],"tags":[],"class_list":["post-2814","post","type-post","status-publish","format-standard","has-post-thumbnail","hentry","category-hirek"],"_links":{"self":[{"href":"https:\/\/almasibalazs.hu\/index.php?rest_route=\/wp\/v2\/posts\/2814","targetHints":{"allow":["GET"]}}],"collection":[{"href":"https:\/\/almasibalazs.hu\/index.php?rest_route=\/wp\/v2\/posts"}],"about":[{"href":"https:\/\/almasibalazs.hu\/index.php?rest_route=\/wp\/v2\/types\/post"}],"author":[{"embeddable":true,"href":"https:\/\/almasibalazs.hu\/index.php?rest_route=\/wp\/v2\/users\/1"}],"replies":[{"embeddable":true,"href":"https:\/\/almasibalazs.hu\/index.php?rest_route=%2Fwp%2Fv2%2Fcomments&post=2814"}],"version-history":[{"count":4,"href":"https:\/\/almasibalazs.hu\/index.php?rest_route=\/wp\/v2\/posts\/2814\/revisions"}],"predecessor-version":[{"id":2858,"href":"https:\/\/almasibalazs.hu\/index.php?rest_route=\/wp\/v2\/posts\/2814\/revisions\/2858"}],"wp:featuredmedia":[{"embeddable":true,"href":"https:\/\/almasibalazs.hu\/index.php?rest_route=\/wp\/v2\/media\/2852"}],"wp:attachment":[{"href":"https:\/\/almasibalazs.hu\/index.php?rest_route=%2Fwp%2Fv2%2Fmedia&parent=2814"}],"wp:term":[{"taxonomy":"category","embeddable":true,"href":"https:\/\/almasibalazs.hu\/index.php?rest_route=%2Fwp%2Fv2%2Fcategories&post=2814"},{"taxonomy":"post_tag","embeddable":true,"href":"https:\/\/almasibalazs.hu\/index.php?rest_route=%2Fwp%2Fv2%2Ftags&post=2814"}],"curies":[{"name":"wp","href":"https:\/\/api.w.org\/{rel}","templated":true}]}}