{"id":2859,"date":"2018-11-29T18:00:27","date_gmt":"2018-11-29T18:00:27","guid":{"rendered":"http:\/\/www.almasibalazs.hu\/?p=2859"},"modified":"2019-01-24T20:04:13","modified_gmt":"2019-01-24T20:04:13","slug":"ottlik-kert","status":"publish","type":"post","link":"https:\/\/almasibalazs.hu\/?p=2859","title":{"rendered":"Ottlik Kert"},"content":{"rendered":"\n<!--more-->\n\n\n\n<p><strong>Helysz\u00edn<\/strong>:\u00a0 Budapest \u2013 Bukarest utca &#8211; Kosztol\u00e1nyi Dezs\u0151 t\u00e9r<br><strong>P\u00e1ly\u00e1zat<\/strong>:\u00a0\u00a0 Ottlik G\u00e9za Kossuth \u00e9s J\u00f3zsef Attila-d\u00edjas magyar \u00edr\u00f3, m\u0171ford\u00edt\u00f3 eml\u00e9km\u0171v\u00e9nek, illetve az eml\u00e9km\u0171 k\u00f6rnyezeti rendez\u00e9s\u00e9nek megval\u00f3s\u00edt\u00e1sa<br><strong>Eredm\u00e9nyhirdet\u00e9s<\/strong>:\u00a0\u00a0 2018. november 29.<br><strong>D\u00edjaz\u00e1s<\/strong>:\u00a0\u00a0 3. helyez\u00e9s<br><strong>T\u00e1j\u00e9p\u00edt\u00e9sz vezet\u0151 tervez\u0151:\u00a0\u00a0 <\/strong>ALM\u00c1SI Bal\u00e1zs<br><strong>Szobr\u00e1szm\u0171v\u00e9sz<\/strong>: <a href=\"http:\/\/kollermargit.com\/hu\/home\/\" target=\"_blank\" rel=\"noreferrer noopener\" aria-label=\"KOLLER Margit (\u00faj f\u00fcl\u00f6n nyitja meg)\">KOLLER Margit<\/a><br><strong>T\u00e1j\u00e9p\u00edt\u00e9sz munkat\u00e1rs<\/strong>: \u00a0 B\u00f6rcs\u00f6k Brigitta<\/p>\n\n\n\n<figure class=\"wp-block-image is-resized\"><img loading=\"lazy\" decoding=\"async\" src=\"http:\/\/www.almasibalazs.hu\/wp-content\/uploads\/T3-1-542x768.jpg\" alt=\"\" class=\"wp-image-2863\" width=\"661\" height=\"937\" srcset=\"https:\/\/almasibalazs.hu\/wp-content\/uploads\/T3-1-542x768.jpg 542w, https:\/\/almasibalazs.hu\/wp-content\/uploads\/T3-1-212x300.jpg 212w, https:\/\/almasibalazs.hu\/wp-content\/uploads\/T3-1.jpg 762w\" sizes=\"auto, (max-width: 661px) 100vw, 661px\" \/><\/figure>\n\n\n\n<p>Ottlik G\u00e9z\u00e1nak remek kih\u00edv\u00e1s eml\u00e9km\u0171vet tervezni. Ha \u00e9letm\u0171v\u00e9t meg kell fogni valahonnan, term\u00e9szetesen r\u00f6gt\u00f6n a f\u0151 m\u0171ve ker\u00fcl el\u0151t\u00e9rbe: az Iskola a hat\u00e1ron. Kiragadni mot\u00edvumokat azonban se a reg\u00e9nyb\u0151l, se az \u00e9letm\u0171v\u00e9b\u0151l nem szerett\u00fcnk volna (pl\u00e1ne \u00e9lettartam\u00e1nak egyetlen f\u00e1zis\u00e1b\u00f3l, mondjuk egy portr\u00e9 form\u00e1j\u00e1ban), hiszen n\u00e1la k\u00fcl\u00f6n\u00f6sen \u00e9rz\u00e9kenyen fon\u00f3dnak \u00f6ssze gondolatainak sz\u00e1lai, sz\u00f6vetei, \u00f6sszetett strukt\u00far\u00e1t k\u00e9pezve a r\u00e9szlegesen \u00e9rz\u00e9kelhet\u0151 val\u00f3s\u00e1g t\u00e9r-id\u0151 labirintus\u00e1val. Ottlik eg\u00e9sz \u00e9letm\u0171v\u00e9ben f\u00f3kuszba \u00e1ll\u00edtotta \u201e<em>a szintaxis\u00e1ban inherens vil\u00e1gk\u00e9p \u2013 val\u00f3s\u00e1g\u00e9rtelmez\u00e9s \u2013 tarthatatlan elnagyolts\u00e1g\u00e1t, s\u0151t hamiss\u00e1g\u00e1t<\/em>\u201d, mely n\u00e9z\u0151pontb\u00f3l a reg\u00e9ny egy olyan val\u00f3s\u00e1gr\u00f3l sz\u00f3l, ami \u201e<em>nem aktu\u00e1lisan l\u00e9tez\u0151, hanem l\u00e9trej\u00f6v\u0151, nem z\u00e1rt, k\u00e9sz valami, hanem szakadatlanul k\u00e9sz\u00fcl\u0151, a nyelv, a fogalmi h\u00e1l\u00f3zatunk sz\u00e1m\u00e1ra keletkez\u0151<\/em>\u201d. Ez\u00e9rt olyan formai megold\u00e1sokat kerest\u00fcnk, ami ezt a permanens, kiterjedt \u00e9s a k\u00fcl\u00f6nb\u00f6z\u0151 n\u00e9z\u0151pontokb\u00f3l m\u00e1s-m\u00e1s arc\u00e1t mutat\u00f3 (teh\u00e1t objekt\u00edve felt\u00e1rhatatlan, szubjekt\u00edv \u00e9s \u00e9lm\u00e9ny alap\u00fa) val\u00f3s\u00e1got k\u00e9pes t\u00fckr\u00f6zni \u00e9s kihangs\u00falyozni az arra j\u00e1r\u00f3k sz\u00e1m\u00e1ra.<br><\/p>\n\n\n\n<figure class=\"wp-block-image is-resized\"><img loading=\"lazy\" decoding=\"async\" src=\"http:\/\/www.almasibalazs.hu\/wp-content\/uploads\/T2-543x768.jpg\" alt=\"\" class=\"wp-image-2864\" width=\"659\" height=\"932\" srcset=\"https:\/\/almasibalazs.hu\/wp-content\/uploads\/T2-543x768.jpg 543w, https:\/\/almasibalazs.hu\/wp-content\/uploads\/T2-212x300.jpg 212w, https:\/\/almasibalazs.hu\/wp-content\/uploads\/T2.jpg 763w\" sizes=\"auto, (max-width: 659px) 100vw, 659px\" \/><\/figure>\n\n\n\n<p> K\u00f6zelebbr\u0151l szeml\u00e9lve az eml\u00e9km\u0171 a t\u00e9ren \u00e9rz\u00e9kelhet\u0151 \u00e9s befogadhat\u00f3  l\u00e1tv\u00e1nyt t\u00fckr\u00f6z\u0151d\u0151 fel\u00fcleteivel megism\u00e9tli, de sz\u00e9t is bontja ezzel  p\u00e1rhuzamosan. Kiemeli az itt \u00e9s most \u00e9rz\u00e9kelhet\u0151 k\u00f6rnyez\u0151 ter\u00e9t, de a  tekintetet nem engedi egy k\u00e9pet kirajzolni, p\u00e1rhuzamosan l\u00e9tez\u0151,  lehets\u00e9ges (vil\u00e1g)k\u00e9pek t\u00e1rh\u00e1z\u00e1t k\u00edn\u00e1lja a befogad\u00f3nak. Az Ottlik-i  \u00e9rtelemben vett elbesz\u00e9l\u00e9sben rejl\u0151 neh\u00e9zs\u00e9gek nem puszt\u00e1n a  visszaeml\u00e9kez\u00e9sben, hanem m\u00e1r a befogad\u00e1sban gy\u00f6kereznek: a k\u00fcl\u00f6nb\u00f6z\u0151  sz\u0171r\u00f6k\u00f6n \u00e1tsz\u0171rt val\u00f3s\u00e1g \u00e9lm\u00e9nyek, elt\u00e9r\u0151 poz\u00edci\u00f3k m\u00e1s-m\u00e1s k\u00e9p\u00e9t  rajzolj\u00e1k ki az \u00e9rz\u00e9kelhet\u0151 dolgoknak. \u00cdgy az install\u00e1ci\u00f3nk form\u00e1j\u00e1t \u00fagy  alak\u00edtottuk ki, hogy a befogad\u00f3 poz\u00edci\u00f3j\u00e1b\u00f3l, helyzetv\u00e1ltoztat\u00e1saib\u00f3l,  figyelm\u00e9nek \u00e9s k\u00edv\u00e1ncsis\u00e1g\u00e1nak m\u00e9rt\u00e9k\u00e9t\u0151l \u00e9s egy\u00e9b aktu\u00e1lis  k\u00f6r\u00fclm\u00e9nyeit\u0151l f\u00fcgg\u0151en elt\u00e9r\u0151 k\u00e9pet kaphasson az \u0151t k\u00f6r\u00fclvev\u0151  val\u00f3s\u00e1gb\u00f3l, mely k\u00e9pek mindegyike egyen\u00e9rt\u00e9k\u0171, ugyanarr\u00f3l sz\u00f3l, m\u00e9gis  m\u00e1st mutat. <\/p>\n\n\n\n<figure class=\"wp-block-image is-resized\"><img loading=\"lazy\" decoding=\"async\" src=\"http:\/\/www.almasibalazs.hu\/wp-content\/uploads\/T1-2-542x768.jpg\" alt=\"\" class=\"wp-image-2867\" width=\"658\" height=\"932\" srcset=\"https:\/\/almasibalazs.hu\/wp-content\/uploads\/T1-2-542x768.jpg 542w, https:\/\/almasibalazs.hu\/wp-content\/uploads\/T1-2-212x300.jpg 212w, https:\/\/almasibalazs.hu\/wp-content\/uploads\/T1-2.jpg 762w\" sizes=\"auto, (max-width: 658px) 100vw, 658px\" \/><\/figure>\n\n\n\n<p>A Kosztol\u00e1nyi Dezs\u0151 t\u00e9r fel\u00e9p\u00edt\u00e9se centr\u00e1lis szimmetri\u00e1t mutat, vagyis a k\u00e9t f\u0151\u00fatvonal \u00e9s az \u00e9szak-d\u00e9li gyalogos tengely egyenl\u0151 cikkekre osztja a k\u00f6r alak\u00fa teret. A gyalogos \u00e1tk\u00f6t\u00e9s d\u00e9li ir\u00e1nyban ez\u00e9rt a Bukarest utca szimmetrikus, l\u00e9pcs\u0151zetesen ny\u00edl\u00f3 v\u00e1ros\u00e9p\u00edt\u00e9szeti ter\u00e9nek nem a k\u00f6z\u00e9pvonal\u00e1ba k\u00f6t, hanem az Ottlik kertet annak \u00e9szakkeleti sark\u00e1n kereszt\u00fcl \u00e9ri el. \u00cdgy annak ellen\u00e9re, hogy a t\u00e9rsor homlokzatai k\u00f6zel szimmetrikus teret form\u00e1znak, a t\u00e9r\/kert elrendez\u00e9se nem lehet szimmetrikus. Ezt az aszimmetri\u00e1t nem csak a gyalogos f\u0151 megk\u00f6zel\u00edt\u00e9s, hanem a ter\u00fclet leg\u00e9rt\u00e9kesebb f\u00e1j\u00e1nak &nbsp;&nbsp;&nbsp;(magask\u0151ris &#8211; Fraxinus excelsior) k\u00f6z\u00e9ptengelyhez viszony\u00edtott, kimozdult helyzete is indokolja, tov\u00e1bb\u00e1 a ter\u00fclett\u0151l D\u00e9lre tal\u00e1lhat\u00f3 nagy vonzer\u0151vel b\u00edr\u00f3 Tranzit k\u00e1v\u00e9z\u00f3 megk\u00f6zel\u00edt\u00e9se sem a k\u00f6z\u00e9ptengelyben, hanem att\u00f3l keleti ir\u00e1nyban eltolva tal\u00e1lhat\u00f3. Mindezekb\u0151l k\u00f6vetkez\u0151en a leend\u0151 t\u00e9r gyalogos tengelye a k\u00f6z\u00e9ptengelyt\u0151l keleti ir\u00e1nyban kimozd\u00edtott, nagyj\u00e1b\u00f3l a jelenlegi utca t\u00e9r fel\u00f6li j\u00e1rdavonal\u00e1ba kell essen. A f\u0151 gyalogos \u00e1raml\u00e1si ir\u00e1ny t\u00e9ri helyzet\u00e9t er\u0151s\u00edti, hogy a nyugati t\u00e9rfal f\u00f6ldszinti homlokzat\u00e1val ellent\u00e9tben, a keleti oldal f\u00f6ldszintj\u00e9n lehet\u0151s\u00e9g van j\u00f6v\u0151beni kultur\u00e1lis vagy valamilyen szolg\u00e1ltat\u00f3 funkci\u00f3 befogad\u00e1s\u00e1ra. <\/p>\n\n\n\n<figure class=\"wp-block-image is-resized\"><img loading=\"lazy\" decoding=\"async\" src=\"http:\/\/www.almasibalazs.hu\/wp-content\/uploads\/Mad\u00e1r-1-1024x704.jpg\" alt=\"\" class=\"wp-image-2885\" width=\"661\" height=\"454\" srcset=\"https:\/\/almasibalazs.hu\/wp-content\/uploads\/Mad\u00e1r-1-1024x704.jpg 1024w, https:\/\/almasibalazs.hu\/wp-content\/uploads\/Mad\u00e1r-1-300x206.jpg 300w, https:\/\/almasibalazs.hu\/wp-content\/uploads\/Mad\u00e1r-1-768x528.jpg 768w, https:\/\/almasibalazs.hu\/wp-content\/uploads\/Mad\u00e1r-1.jpg 1096w\" sizes=\"auto, (max-width: 661px) 100vw, 661px\" \/><\/figure>\n\n\n\n<p><strong>Szobrunk<\/strong> els\u0151sorban a Kosztol\u00e1nyi Dezs\u0151 t\u00e9r fel\u0151l &#8211; de a Tranzit k\u00e1v\u00e9z\u00f3 ir\u00e1ny\u00e1b\u00f3l is &#8211; jelszer\u0171, invit\u00e1l\u00f3 szereppel b\u00edr. Fel\u00e9p\u00edt\u00e9se, <strong>egy szavanna f\u00e1s liget\u00e9nek metafor\u00e1jak\u00e9nt is \u00e9rtelmezhet\u0151<\/strong>. \u201eM\u0171k\u00f6d\u00e9s\u00e9ben\u201d \u0151si \u00f6szt\u00f6n\u00f6k j\u00e1tszanak f\u0151szerepet. A k\u00fcl\u00f6nleges el\u0151tet\u0151, s\u00e1torszer\u0171 lombkorona felh\u0151k\u00e9nt v\u00e9d a ny\u00edlt t\u00e9r kitett vil\u00e1g\u00e1t\u00f3l, az oszlopok, mint a liget organikus t\u00f6rzs k\u00f6tegei, ugyanakkor biztos\u00edtj\u00e1k a k\u00f6rny\u00e9k szemmel tarthat\u00f3s\u00e1g\u00e1t v\u00e9dett poz\u00edci\u00f3b\u00f3l. A szobor alatti egys\u00e9ges, puha gumiburkolat, \u00e9s a \u201eplafon\u201d t\u00fckr\u00f6z\u0151d\u0151 fel\u00fclete tov\u00e1bbi zsigeri h\u00edv\u00f3szavak a l\u00e1togat\u00f3k beinvit\u00e1l\u00e1s\u00e1ra, a k\u00fcl\u00f6nleges t\u00e9r\u00e9lm\u00e9ny megismer\u00e9s\u00e9re. <strong>A szobor form\u00e1lts\u00e1g\u00e1t tekintve kett\u0151s, egyfel\u0151l az \u00e1raml\u00f3 teret szimboliz\u00e1lja, ugyanakkor marad\u00e1sra is \u00f6szt\u00f6n\u00f6z.<\/strong><\/p>\n\n\n\n<figure class=\"wp-block-image is-resized\"><img loading=\"lazy\" decoding=\"async\" src=\"http:\/\/www.almasibalazs.hu\/wp-content\/uploads\/IMG_20180818_172853_HDR_Bk-1024x768.jpg\" alt=\"\" class=\"wp-image-2884\" width=\"659\" height=\"494\" srcset=\"https:\/\/almasibalazs.hu\/wp-content\/uploads\/IMG_20180818_172853_HDR_Bk-1024x768.jpg 1024w, https:\/\/almasibalazs.hu\/wp-content\/uploads\/IMG_20180818_172853_HDR_Bk-300x225.jpg 300w, https:\/\/almasibalazs.hu\/wp-content\/uploads\/IMG_20180818_172853_HDR_Bk-768x576.jpg 768w, https:\/\/almasibalazs.hu\/wp-content\/uploads\/IMG_20180818_172853_HDR_Bk.jpg 2000w\" sizes=\"auto, (max-width: 659px) 100vw, 659px\" \/><\/figure>\n","protected":false},"excerpt":{"rendered":"","protected":false},"author":1,"featured_media":2873,"comment_status":"open","ping_status":"open","sticky":false,"template":"","format":"standard","meta":{"_monsterinsights_skip_tracking":false,"_monsterinsights_sitenote_active":false,"_monsterinsights_sitenote_note":"","_monsterinsights_sitenote_category":0,"footnotes":""},"categories":[3],"tags":[],"class_list":["post-2859","post","type-post","status-publish","format-standard","has-post-thumbnail","hentry","category-palyazat"],"_links":{"self":[{"href":"https:\/\/almasibalazs.hu\/index.php?rest_route=\/wp\/v2\/posts\/2859","targetHints":{"allow":["GET"]}}],"collection":[{"href":"https:\/\/almasibalazs.hu\/index.php?rest_route=\/wp\/v2\/posts"}],"about":[{"href":"https:\/\/almasibalazs.hu\/index.php?rest_route=\/wp\/v2\/types\/post"}],"author":[{"embeddable":true,"href":"https:\/\/almasibalazs.hu\/index.php?rest_route=\/wp\/v2\/users\/1"}],"replies":[{"embeddable":true,"href":"https:\/\/almasibalazs.hu\/index.php?rest_route=%2Fwp%2Fv2%2Fcomments&post=2859"}],"version-history":[{"count":15,"href":"https:\/\/almasibalazs.hu\/index.php?rest_route=\/wp\/v2\/posts\/2859\/revisions"}],"predecessor-version":[{"id":3259,"href":"https:\/\/almasibalazs.hu\/index.php?rest_route=\/wp\/v2\/posts\/2859\/revisions\/3259"}],"wp:featuredmedia":[{"embeddable":true,"href":"https:\/\/almasibalazs.hu\/index.php?rest_route=\/wp\/v2\/media\/2873"}],"wp:attachment":[{"href":"https:\/\/almasibalazs.hu\/index.php?rest_route=%2Fwp%2Fv2%2Fmedia&parent=2859"}],"wp:term":[{"taxonomy":"category","embeddable":true,"href":"https:\/\/almasibalazs.hu\/index.php?rest_route=%2Fwp%2Fv2%2Fcategories&post=2859"},{"taxonomy":"post_tag","embeddable":true,"href":"https:\/\/almasibalazs.hu\/index.php?rest_route=%2Fwp%2Fv2%2Ftags&post=2859"}],"curies":[{"name":"wp","href":"https:\/\/api.w.org\/{rel}","templated":true}]}}