{"id":3307,"date":"2019-04-16T19:26:21","date_gmt":"2019-04-16T19:26:21","guid":{"rendered":"http:\/\/www.almasibalazs.hu\/?p=3307"},"modified":"2019-04-29T16:34:45","modified_gmt":"2019-04-29T16:34:45","slug":"ujra-a-mucsarnokban","status":"publish","type":"post","link":"https:\/\/almasibalazs.hu\/?p=3307","title":{"rendered":"\u00dajra ki\u00e1ll\u00edtunk a M\u0171csarnokban!"},"content":{"rendered":"\n<!--more-->\n\n\n\n<p>\u00d6r\u00f6mmel tudatjuk, hogy m\u00e1sod \u00edzben is felk\u00e9r\u00e9st kaptunk (Gergely T\u00f3nival k\u00f6z\u00f6sen) a M\u0171csarnokban megrendezett \u00c9p\u00edt\u00e9szeti Szalon ki\u00e1ll\u00edt\u00e1s\u00e1n val\u00f3 r\u00e9szv\u00e9telre. Arra pedig k\u00fcl\u00f6n\u00f6sen b\u00fcszk\u00e9k vagyunk, hogy a ki\u00e1ll\u00edt\u00e1s f\u0151kur\u00e1tor\u00e1t\u00f3l, egy v\u00e9rbeli \u00e9p\u00edt\u00e9szt\u0151l \u00e9rkezett a megh\u00edv\u00e1s erre a rangos esem\u00e9nyre.<\/p>\n\n\n\n<p>A ki\u00e1ll\u00edt\u00e1s \u00e1prilis 26-t\u00f3l augusztus 25-ig lesz l\u00e1that\u00f3. <br><\/p>\n\n\n\n<figure class=\"wp-block-image\"><img loading=\"lazy\" decoding=\"async\" width=\"1024\" height=\"768\" src=\"http:\/\/www.almasibalazs.hu\/wp-content\/uploads\/Mucsarnok-2019_1-1-1024x768.jpg\" alt=\"\" class=\"wp-image-3336\" srcset=\"https:\/\/almasibalazs.hu\/wp-content\/uploads\/Mucsarnok-2019_1-1-1024x768.jpg 1024w, https:\/\/almasibalazs.hu\/wp-content\/uploads\/Mucsarnok-2019_1-1-300x225.jpg 300w, https:\/\/almasibalazs.hu\/wp-content\/uploads\/Mucsarnok-2019_1-1-768x576.jpg 768w\" sizes=\"auto, (max-width: 767px) 89vw, (max-width: 1000px) 54vw, (max-width: 1071px) 543px, 580px\" \/><\/figure>\n\n\n\n<figure class=\"wp-block-image is-resized\"><img loading=\"lazy\" decoding=\"async\" src=\"http:\/\/www.almasibalazs.hu\/wp-content\/uploads\/IMG_3810-e1556555495662-609x768.jpg\" alt=\"\" class=\"wp-image-3337\" width=\"644\" height=\"812\" srcset=\"https:\/\/almasibalazs.hu\/wp-content\/uploads\/IMG_3810-e1556555495662-609x768.jpg 609w, https:\/\/almasibalazs.hu\/wp-content\/uploads\/IMG_3810-e1556555495662-238x300.jpg 238w, https:\/\/almasibalazs.hu\/wp-content\/uploads\/IMG_3810-e1556555495662-768x968.jpg 768w\" sizes=\"auto, (max-width: 644px) 100vw, 644px\" \/><figcaption>A b\u00fcszke tervez\u0151k&#8230;<\/figcaption><\/figure>\n\n\n\n<figure class=\"wp-block-image\"><img decoding=\"async\" src=\"http:\/\/www.almasibalazs.hu\/wp-content\/uploads\/IMG_20190425_182709-2-1024x768.jpg\" alt=\"\" class=\"wp-image-3326\"\/><\/figure>\n","protected":false},"excerpt":{"rendered":"","protected":false},"author":1,"featured_media":3310,"comment_status":"open","ping_status":"open","sticky":false,"template":"","format":"standard","meta":{"_monsterinsights_skip_tracking":false,"_monsterinsights_sitenote_active":false,"_monsterinsights_sitenote_note":"","_monsterinsights_sitenote_category":0,"footnotes":""},"categories":[15],"tags":[],"class_list":["post-3307","post","type-post","status-publish","format-standard","has-post-thumbnail","hentry","category-hirek"],"_links":{"self":[{"href":"https:\/\/almasibalazs.hu\/index.php?rest_route=\/wp\/v2\/posts\/3307","targetHints":{"allow":["GET"]}}],"collection":[{"href":"https:\/\/almasibalazs.hu\/index.php?rest_route=\/wp\/v2\/posts"}],"about":[{"href":"https:\/\/almasibalazs.hu\/index.php?rest_route=\/wp\/v2\/types\/post"}],"author":[{"embeddable":true,"href":"https:\/\/almasibalazs.hu\/index.php?rest_route=\/wp\/v2\/users\/1"}],"replies":[{"embeddable":true,"href":"https:\/\/almasibalazs.hu\/index.php?rest_route=%2Fwp%2Fv2%2Fcomments&post=3307"}],"version-history":[{"count":11,"href":"https:\/\/almasibalazs.hu\/index.php?rest_route=\/wp\/v2\/posts\/3307\/revisions"}],"predecessor-version":[{"id":3342,"href":"https:\/\/almasibalazs.hu\/index.php?rest_route=\/wp\/v2\/posts\/3307\/revisions\/3342"}],"wp:featuredmedia":[{"embeddable":true,"href":"https:\/\/almasibalazs.hu\/index.php?rest_route=\/wp\/v2\/media\/3310"}],"wp:attachment":[{"href":"https:\/\/almasibalazs.hu\/index.php?rest_route=%2Fwp%2Fv2%2Fmedia&parent=3307"}],"wp:term":[{"taxonomy":"category","embeddable":true,"href":"https:\/\/almasibalazs.hu\/index.php?rest_route=%2Fwp%2Fv2%2Fcategories&post=3307"},{"taxonomy":"post_tag","embeddable":true,"href":"https:\/\/almasibalazs.hu\/index.php?rest_route=%2Fwp%2Fv2%2Ftags&post=3307"}],"curies":[{"name":"wp","href":"https:\/\/api.w.org\/{rel}","templated":true}]}}