{"id":3349,"date":"2019-07-12T18:00:51","date_gmt":"2019-07-12T18:00:51","guid":{"rendered":"http:\/\/www.almasibalazs.hu\/?p=3349"},"modified":"2019-10-25T07:32:07","modified_gmt":"2019-10-25T07:32:07","slug":"hello-wood-epitesz-mustra-2019","status":"publish","type":"post","link":"https:\/\/almasibalazs.hu\/?p=3349","title":{"rendered":"HELLO WOOD \u00c9p\u00edt\u00e9sz mustra 2019"},"content":{"rendered":"\n<!--more-->\n\n\n\n<figure class=\"wp-block-embed-youtube wp-block-embed is-type-video is-provider-youtube wp-embed-aspect-16-9 wp-has-aspect-ratio\"><div class=\"wp-block-embed__wrapper\">\n<iframe loading=\"lazy\" title=\"Hello Wood x iamyank - \u00c9p\u00edt\u00e9sz Mustra &#039;19\" width=\"525\" height=\"295\" src=\"https:\/\/www.youtube.com\/embed\/brEHz75v0nY?feature=oembed\" frameborder=\"0\" allow=\"accelerometer; autoplay; clipboard-write; encrypted-media; gyroscope; picture-in-picture; web-share\" referrerpolicy=\"strict-origin-when-cross-origin\" allowfullscreen><\/iframe>\n<\/div><\/figure>\n\n\n\n<p> <strong>Esem\u00e9ny<\/strong>:\u00a0\u00a0<a rel=\"noreferrer noopener\" aria-label=\"HELLO WOOD \u00c9p\u00edt\u00e9sz mustra 2019 (\u00faj f\u00fcl\u00f6n nyitja meg)\" href=\"http:\/\/epiteszforum.hu\/lezarult-a-harmadik-hello-wood-epitesz-mustra-tokaj-hegyaljan\" target=\"_blank\">HELLO WOOD \u00c9p\u00edt\u00e9sz mustra 2019<\/a><br><strong>Helysz\u00edn<\/strong>:\u00a0\u00a0 V\u00e1mos\u00fajfalu<br><strong>Id\u0151pont<\/strong>:\u00a0\u00a0\u00a0 2019 j\u00falius 5. \u2013 j\u00falius 12.<br><strong>Szervez\u0151:<\/strong>   <a rel=\"noreferrer noopener\" aria-label=\"HELLO WOOD (\u00faj f\u00fcl\u00f6n nyitja meg)\" href=\"https:\/\/hellowood.eu\/\" target=\"_blank\">HELLO WOOD<\/a><br><strong>Int\u00e9zm\u00e9ny:<\/strong>    <a rel=\"noreferrer noopener\" aria-label=\" Szent Istv\u00e1n Egyetem \nT\u00e1j\u00e9p\u00edt\u00e9szeti \u00e9s Telep\u00fcl\u00e9stervez\u00e9si Kar (\u00faj f\u00fcl\u00f6n nyitja meg)\" href=\"https:\/\/tajk.szie.hu\/\" target=\"_blank\"> Szent Istv\u00e1n Egyetem <br>T\u00e1j\u00e9p\u00edt\u00e9szeti \u00e9s Telep\u00fcl\u00e9stervez\u00e9si Kar<\/a><br><strong>Csapatvezet\u0151k<\/strong>:\u00a0\u00a0\u00a0 ALM\u00c1SI Bal\u00e1zs, <a rel=\"noreferrer noopener\" aria-label=\"T\u00d6R\u00d6K SZABOLCS Bence (\u00faj f\u00fcl\u00f6n nyitja meg)\" href=\"http:\/\/t1epitesz.hu\/hu\/magunkrol\/munkatarsak\/torok-szabolcs-bence\/bevezeto\" target=\"_blank\">T\u00d6R\u00d6K SZABOLCS Bence<\/a><br><strong>Csapat<\/strong>:\u00a0  BOLV\u00c1RI Vikt\u00f3ria, FAZEKAS Mih\u00e1ly Imre, FEKETE Csan\u00e1d Antal, KARASZ Lili  Anna,  KOV\u00c1CS  Laura,  NAGY D\u00e1vid  Attila, N\u00c9METH N\u00f3ra, PUSZTAI  Szabolcs, SZENTKUTI  Alexandra Edit <\/p>\n\n\n\n<p><strong>D\u00edj<\/strong>:     Tokaj Borvid\u00e9k Fejleszt\u00e9si Tan\u00e1cs k\u00fcl\u00f6nd\u00edj <br><\/p>\n\n\n\n<figure class=\"wp-block-image\"><img loading=\"lazy\" decoding=\"async\" width=\"1024\" height=\"683\" src=\"http:\/\/www.almasibalazs.hu\/wp-content\/uploads\/66448266_2457177347667972_4173555287870930944_o-1024x683.jpg\" alt=\"\" class=\"wp-image-3358\" srcset=\"https:\/\/almasibalazs.hu\/wp-content\/uploads\/66448266_2457177347667972_4173555287870930944_o-1024x683.jpg 1024w, https:\/\/almasibalazs.hu\/wp-content\/uploads\/66448266_2457177347667972_4173555287870930944_o-300x200.jpg 300w, https:\/\/almasibalazs.hu\/wp-content\/uploads\/66448266_2457177347667972_4173555287870930944_o-768x512.jpg 768w, https:\/\/almasibalazs.hu\/wp-content\/uploads\/66448266_2457177347667972_4173555287870930944_o.jpg 2000w\" sizes=\"auto, (max-width: 767px) 89vw, (max-width: 1000px) 54vw, (max-width: 1071px) 543px, 580px\" \/><figcaption> Fot\u00f3: Darab Zsuzsa <\/figcaption><\/figure>\n\n\n\n<p>Az \u00e9p\u00edt\u00e9st az egyetemen hosszas tervezget\u00e9s el\u0151zte meg, s m\u00e9g az utols\u00f3 pillanatban is t\u00f6rt\u00e9ntek v\u00e1ltoz\u00e1sok. Az install\u00e1ci\u00f3 m\u00e9rete emberes, t\u00f6bb mint h\u00e1rom k\u00f6bm\u00e9ter f\u00e1t em\u00e9sztett fel. Sajnos k\u00f6zvetlen\u00fcl a workshop el\u0151tt lebetegedtem, \u00edgy csak a t\u00e1volb\u00f3l szor\u00edtottam a csapatnak a h\u0151sies, kitart\u00f3 munk\u00e1hoz \ud83d\ude42  Ahogy az illik \u00e9pp az utols\u00f3 pillanatban k\u00e9sz\u00fclt el a remekm\u0171!<br><\/p>\n\n\n\n<figure class=\"wp-block-image\"><img loading=\"lazy\" decoding=\"async\" width=\"1024\" height=\"755\" src=\"http:\/\/www.almasibalazs.hu\/wp-content\/uploads\/02-1-1024x755.jpg\" alt=\"\" class=\"wp-image-3361\" srcset=\"https:\/\/almasibalazs.hu\/wp-content\/uploads\/02-1-1024x755.jpg 1024w, https:\/\/almasibalazs.hu\/wp-content\/uploads\/02-1-300x221.jpg 300w, https:\/\/almasibalazs.hu\/wp-content\/uploads\/02-1-768x566.jpg 768w, https:\/\/almasibalazs.hu\/wp-content\/uploads\/02-1.jpg 1347w\" sizes=\"auto, (max-width: 767px) 89vw, (max-width: 1000px) 54vw, (max-width: 1071px) 543px, 580px\" \/><\/figure>\n\n\n\n<p><strong>Az install\u00e1ci\u00f3<\/strong><br>A helysz\u00edn apr\u00f3 teresed\u00e9s\u00e9t az \u2019S\u2019 kanyart form\u00e1z\u00f3 T\u00e1ncsics Mih\u00e1ly \u00fat domin\u00e1lja. Az apr\u00f3 gyepes terecsk\u00e9n a t\u00e9rfalak \u00e1tt\u00f6rts\u00e9ge r\u00e9v\u00e9n kiss\u00e9 bizonytalan t\u00e9r\u00e9lm\u00e9ny r\u00e9szesei lehet\u00fcnk. Nyugat fel\u00f6l tekintve a t\u00e9rfalat h\u00e1rom m\u00e9retes ny\u00e1rfa alkotja, de ahogy az a f\u00e1kat jellemzi, pont horizont magass\u00e1gban z\u00e1rj\u00e1k legkev\u00e9sb\u00e9 a teret. A t\u00f6rzsek monument\u00e1lis vertikalit\u00e1sa l\u00e1tni engedi a m\u00f6g\u00f6ttes h\u00e1zat \u00e9s a falusz\u00e9li t\u00e1jat. A horizont alatt k\u00e9t id\u0151szakos v\u00edzfoly\u00e1s kanyarog, a szeg\u00e9lyek ment\u00e9n \u00e9pp itt egyes\u00fclve form\u00e1lva a teret. C\u00e9lunk volt, ennek a kiss\u00e9 bizonytalan t\u00e9ri helyzetnek az er\u0151s\u00edt\u00e9se, melyben az \u00e1ltalunk meg\u00e9p\u00edtett hull\u00e1mz\u00f3 objektum keretez\u0151 hat\u00e1sa \u00e9rv\u00e9nyes\u00fcl. Ez a \u201eszeg\u00e9lyelem\u201d egy \u00faj tal\u00e1lkoz\u00e1si, tart\u00f3zkod\u00e1si pontot jel\u00f6l ki ezen a k\u00fcl\u00f6nleges helyen. A hely identit\u00e1s\u00e1t nem csup\u00e1n az \u00e9p\u00edtett \u201eperem objektummal\u201d er\u0151s\u00edtett\u00fck, hanem speci\u00e1lis k\u00f6z\u00f6ss\u00e9gi \u201eszeg\u00e9ly\u201d kertet k\u00e9pezve var\u00e1zsoltuk egyediv\u00e9.  A kert c\u00e9lja a szeg\u00e9ly szitu\u00e1ci\u00f3 er\u0151teljes kiemel\u00e9se olyan karakteres n\u00f6v\u00e9nyekkel, melyek a patak jelenl\u00e9t\u00e9t jelzik. Mivel id\u0151szakos v\u00edzfoly\u00e1sr\u00f3l van sz\u00f3, a patakpartra telep\u00edtett n\u00f6v\u00e9nyek, \u2013 els\u0151sorban \u00e9vel\u0151k \u2013 l\u00e1tv\u00e1nyukkal csak imit\u00e1lj\u00e1k a v\u00edz k\u00f6zels\u00e9g\u00e9t, azonban a hely adotts\u00e1gaihoz alkalmazkod\u00f3an \u00e1tlagos v\u00edzig\u00e9ny\u00fck van csup\u00e1n. Az objektummal integr\u00e1lt kertet a falusiakkal k\u00f6z\u00f6sen \u00e9p\u00edtett\u00fck meg.<br><\/p>\n\n\n\n<figure class=\"wp-block-image\"><img loading=\"lazy\" decoding=\"async\" width=\"1024\" height=\"643\" src=\"http:\/\/www.almasibalazs.hu\/wp-content\/uploads\/13-2-1024x643.jpg\" alt=\"\" class=\"wp-image-3369\" srcset=\"https:\/\/almasibalazs.hu\/wp-content\/uploads\/13-2-1024x643.jpg 1024w, https:\/\/almasibalazs.hu\/wp-content\/uploads\/13-2-300x188.jpg 300w, https:\/\/almasibalazs.hu\/wp-content\/uploads\/13-2-768x483.jpg 768w, https:\/\/almasibalazs.hu\/wp-content\/uploads\/13-2.jpg 1391w\" sizes=\"auto, (max-width: 767px) 89vw, (max-width: 1000px) 54vw, (max-width: 1071px) 543px, 580px\" \/><\/figure>\n\n\n\n<figure class=\"wp-block-image\"><img loading=\"lazy\" decoding=\"async\" width=\"1024\" height=\"684\" src=\"http:\/\/www.almasibalazs.hu\/wp-content\/uploads\/66264315_2453537631365277_1020041856488046592_o-1024x684.jpg\" alt=\"\" class=\"wp-image-3364\" srcset=\"https:\/\/almasibalazs.hu\/wp-content\/uploads\/66264315_2453537631365277_1020041856488046592_o-1024x684.jpg 1024w, https:\/\/almasibalazs.hu\/wp-content\/uploads\/66264315_2453537631365277_1020041856488046592_o-300x200.jpg 300w, https:\/\/almasibalazs.hu\/wp-content\/uploads\/66264315_2453537631365277_1020041856488046592_o-768x513.jpg 768w, https:\/\/almasibalazs.hu\/wp-content\/uploads\/66264315_2453537631365277_1020041856488046592_o.jpg 2000w\" sizes=\"auto, (max-width: 767px) 89vw, (max-width: 1000px) 54vw, (max-width: 1071px) 543px, 580px\" \/><figcaption><strong>Este is megy a mel\u00f3<\/strong>        &#8211;     Fot\u00f3:  Lakos M\u00e1t\u00e9 <\/figcaption><\/figure>\n\n\n\n<figure class=\"wp-block-image\"><img loading=\"lazy\" decoding=\"async\" width=\"1024\" height=\"738\" src=\"http:\/\/www.almasibalazs.hu\/wp-content\/uploads\/66529326_1936244099809531_3450436288765755392_o-1024x738.jpg\" alt=\"\" class=\"wp-image-3360\" srcset=\"https:\/\/almasibalazs.hu\/wp-content\/uploads\/66529326_1936244099809531_3450436288765755392_o-1024x738.jpg 1024w, https:\/\/almasibalazs.hu\/wp-content\/uploads\/66529326_1936244099809531_3450436288765755392_o-300x216.jpg 300w, https:\/\/almasibalazs.hu\/wp-content\/uploads\/66529326_1936244099809531_3450436288765755392_o-768x554.jpg 768w, https:\/\/almasibalazs.hu\/wp-content\/uploads\/66529326_1936244099809531_3450436288765755392_o.jpg 1440w\" sizes=\"auto, (max-width: 767px) 89vw, (max-width: 1000px) 54vw, (max-width: 1071px) 543px, 580px\" \/><figcaption><strong>Vir\u00e1gok, Vir\u00e1gok&#8230;<\/strong><\/figcaption><\/figure>\n\n\n\n<figure class=\"wp-block-image\"><img loading=\"lazy\" decoding=\"async\" width=\"1024\" height=\"768\" src=\"http:\/\/www.almasibalazs.hu\/wp-content\/uploads\/2019_hellowood_tokaj_installaciok_P0009547-1024x768.jpg\" alt=\"\" class=\"wp-image-3405\" srcset=\"https:\/\/almasibalazs.hu\/wp-content\/uploads\/2019_hellowood_tokaj_installaciok_P0009547-1024x768.jpg 1024w, https:\/\/almasibalazs.hu\/wp-content\/uploads\/2019_hellowood_tokaj_installaciok_P0009547-300x225.jpg 300w, https:\/\/almasibalazs.hu\/wp-content\/uploads\/2019_hellowood_tokaj_installaciok_P0009547-768x576.jpg 768w, https:\/\/almasibalazs.hu\/wp-content\/uploads\/2019_hellowood_tokaj_installaciok_P0009547.jpg 2000w\" sizes=\"auto, (max-width: 767px) 89vw, (max-width: 1000px) 54vw, (max-width: 1071px) 543px, 580px\" \/><figcaption>Fot\u00f3: Lakos M\u00e1t\u00e9<\/figcaption><\/figure>\n\n\n\n<figure class=\"wp-block-image\"><img loading=\"lazy\" decoding=\"async\" width=\"1024\" height=\"683\" src=\"http:\/\/www.almasibalazs.hu\/wp-content\/uploads\/64962772_2457177661001274_532615698921291776_o-1024x683.jpg\" alt=\"\" class=\"wp-image-3363\" srcset=\"https:\/\/almasibalazs.hu\/wp-content\/uploads\/64962772_2457177661001274_532615698921291776_o-1024x683.jpg 1024w, https:\/\/almasibalazs.hu\/wp-content\/uploads\/64962772_2457177661001274_532615698921291776_o-300x200.jpg 300w, https:\/\/almasibalazs.hu\/wp-content\/uploads\/64962772_2457177661001274_532615698921291776_o-768x512.jpg 768w, https:\/\/almasibalazs.hu\/wp-content\/uploads\/64962772_2457177661001274_532615698921291776_o.jpg 2000w\" sizes=\"auto, (max-width: 767px) 89vw, (max-width: 1000px) 54vw, (max-width: 1071px) 543px, 580px\" \/><figcaption> Fot\u00f3: Darab Zsuzsa <\/figcaption><\/figure>\n\n\n\n<figure class=\"wp-block-image\"><img loading=\"lazy\" decoding=\"async\" width=\"1024\" height=\"683\" src=\"http:\/\/www.almasibalazs.hu\/wp-content\/uploads\/66484157_2457177284334645_1101476459349803008_o-1024x683.jpg\" alt=\"\" class=\"wp-image-3359\" srcset=\"https:\/\/almasibalazs.hu\/wp-content\/uploads\/66484157_2457177284334645_1101476459349803008_o-1024x683.jpg 1024w, https:\/\/almasibalazs.hu\/wp-content\/uploads\/66484157_2457177284334645_1101476459349803008_o-300x200.jpg 300w, https:\/\/almasibalazs.hu\/wp-content\/uploads\/66484157_2457177284334645_1101476459349803008_o-768x512.jpg 768w, https:\/\/almasibalazs.hu\/wp-content\/uploads\/66484157_2457177284334645_1101476459349803008_o.jpg 2000w\" sizes=\"auto, (max-width: 767px) 89vw, (max-width: 1000px) 54vw, (max-width: 1071px) 543px, 580px\" \/><figcaption><strong>Bence besz\u00e9det mond&#8230;<\/strong>   &#8211;  Fot\u00f3: Darab Zsuzsa <\/figcaption><\/figure>\n\n\n\n<p><\/p>\n","protected":false},"excerpt":{"rendered":"","protected":false},"author":1,"featured_media":3351,"comment_status":"open","ping_status":"open","sticky":false,"template":"","format":"standard","meta":{"_monsterinsights_skip_tracking":false,"_monsterinsights_sitenote_active":false,"_monsterinsights_sitenote_note":"","_monsterinsights_sitenote_category":0,"footnotes":""},"categories":[33],"tags":[],"class_list":["post-3349","post","type-post","status-publish","format-standard","has-post-thumbnail","hentry","category-hello-wood"],"_links":{"self":[{"href":"https:\/\/almasibalazs.hu\/index.php?rest_route=\/wp\/v2\/posts\/3349","targetHints":{"allow":["GET"]}}],"collection":[{"href":"https:\/\/almasibalazs.hu\/index.php?rest_route=\/wp\/v2\/posts"}],"about":[{"href":"https:\/\/almasibalazs.hu\/index.php?rest_route=\/wp\/v2\/types\/post"}],"author":[{"embeddable":true,"href":"https:\/\/almasibalazs.hu\/index.php?rest_route=\/wp\/v2\/users\/1"}],"replies":[{"embeddable":true,"href":"https:\/\/almasibalazs.hu\/index.php?rest_route=%2Fwp%2Fv2%2Fcomments&post=3349"}],"version-history":[{"count":21,"href":"https:\/\/almasibalazs.hu\/index.php?rest_route=\/wp\/v2\/posts\/3349\/revisions"}],"predecessor-version":[{"id":3423,"href":"https:\/\/almasibalazs.hu\/index.php?rest_route=\/wp\/v2\/posts\/3349\/revisions\/3423"}],"wp:featuredmedia":[{"embeddable":true,"href":"https:\/\/almasibalazs.hu\/index.php?rest_route=\/wp\/v2\/media\/3351"}],"wp:attachment":[{"href":"https:\/\/almasibalazs.hu\/index.php?rest_route=%2Fwp%2Fv2%2Fmedia&parent=3349"}],"wp:term":[{"taxonomy":"category","embeddable":true,"href":"https:\/\/almasibalazs.hu\/index.php?rest_route=%2Fwp%2Fv2%2Fcategories&post=3349"},{"taxonomy":"post_tag","embeddable":true,"href":"https:\/\/almasibalazs.hu\/index.php?rest_route=%2Fwp%2Fv2%2Ftags&post=3349"}],"curies":[{"name":"wp","href":"https:\/\/api.w.org\/{rel}","templated":true}]}}