{"id":3640,"date":"2022-03-08T20:03:36","date_gmt":"2022-03-08T20:03:36","guid":{"rendered":"http:\/\/www.almasibalazs.hu\/?p=3640"},"modified":"2022-04-14T11:01:27","modified_gmt":"2022-04-14T11:01:27","slug":"a-szabadsag-epitokovei-alatt-kozteri-szoborpalyazat","status":"publish","type":"post","link":"https:\/\/almasibalazs.hu\/?p=3640","title":{"rendered":"A szabads\u00e1g \u00e9p\u00edt\u0151k\u00f6vei alatt \u2013 k\u00f6zt\u00e9ri szoborp\u00e1ly\u00e1zat"},"content":{"rendered":"\n<!--more-->\n\n\n\n<p><strong>Helysz\u00edn<\/strong>:&nbsp;   Budapest \u2013 Gell\u00e9rt-hegy<br><strong>P\u00e1ly\u00e1zat<\/strong>:&nbsp;   <em><a href=\"https:\/\/www.elhallgatva.hu\/\" target=\"_blank\" rel=\"noreferrer noopener\" aria-label=\"H\u00e1bor\u00fakban meger\u0151szakolt n\u0151k eml\u00e9kezete (\u00faj f\u00fcl\u00f6n nyitja meg)\">H\u00e1bor\u00fakban meger\u0151szakolt n\u0151k eml\u00e9kezete<\/a><\/em><br><strong>Eredm\u00e9nyhirdet\u00e9s<\/strong>:    2022. m\u00e1rcius 8.<br><strong>Koncepci\u00f3<\/strong>: <a rel=\"noreferrer noopener\" href=\"https:\/\/kollermargit.com\/hu\/home\/\" target=\"_blank\">KOLLER Margit, szobr\u00e1szm\u0171v\u00e9sz<\/a><br><strong>T\u00e1rsalkot\u00f3<\/strong>: dr. ALM\u00c1SI Bal\u00e1zs<br><strong>3D vizualiz\u00e1ci\u00f3<\/strong>: <a rel=\"noreferrer noopener\" aria-label=\"NAGY Gerg\u0151, szobr\u00e1szm\u0171v\u00e9sz (\u00faj f\u00fcl\u00f6n nyitja meg)\" href=\"https:\/\/www.instagram.com\/gergo_nullfuga\/\" target=\"_blank\">NAGY Gerg\u0151, szobr\u00e1szm\u0171v\u00e9sz<\/a> <\/p>\n\n\n\n<figure class=\"wp-block-embed-vimeo wp-block-embed is-type-video is-provider-vimeo wp-embed-aspect-16-9 wp-has-aspect-ratio\"><div class=\"wp-block-embed__wrapper\">\n<iframe loading=\"lazy\" title=\"A szabads\u00e1g \u00e9p\u00edt\u0151k\u00f6vei alatt\" src=\"https:\/\/player.vimeo.com\/video\/679047930?dnt=1&amp;app_id=122963\" width=\"525\" height=\"295\" frameborder=\"0\" allow=\"autoplay; fullscreen; picture-in-picture; clipboard-write\"><\/iframe>\n<\/div><\/figure>\n\n\n\n<ul class=\"wp-block-gallery columns-3 is-cropped wp-block-gallery-1 is-layout-flex wp-block-gallery-is-layout-flex\"><li class=\"blocks-gallery-item\"><figure><img loading=\"lazy\" decoding=\"async\" width=\"959\" height=\"768\" src=\"http:\/\/www.almasibalazs.hu\/wp-content\/uploads\/10-3-e1649884175467-959x768.jpg\" alt=\"\" data-id=\"3661\" data-link=\"http:\/\/www.almasibalazs.hu\/?attachment_id=3661\" class=\"wp-image-3661\" srcset=\"https:\/\/almasibalazs.hu\/wp-content\/uploads\/10-3-e1649884175467-959x768.jpg 959w, https:\/\/almasibalazs.hu\/wp-content\/uploads\/10-3-e1649884175467-300x240.jpg 300w, https:\/\/almasibalazs.hu\/wp-content\/uploads\/10-3-e1649884175467-768x615.jpg 768w, https:\/\/almasibalazs.hu\/wp-content\/uploads\/10-3-e1649884175467.jpg 1348w\" sizes=\"auto, (max-width: 767px) 89vw, (max-width: 1000px) 54vw, (max-width: 1071px) 543px, 580px\" \/><\/figure><\/li><li class=\"blocks-gallery-item\"><figure><img loading=\"lazy\" decoding=\"async\" width=\"1024\" height=\"576\" src=\"http:\/\/www.almasibalazs.hu\/wp-content\/uploads\/12-3-1024x576.jpg\" alt=\"\" data-id=\"3654\" data-link=\"http:\/\/www.almasibalazs.hu\/?attachment_id=3654\" class=\"wp-image-3654\" srcset=\"https:\/\/almasibalazs.hu\/wp-content\/uploads\/12-3-1024x576.jpg 1024w, https:\/\/almasibalazs.hu\/wp-content\/uploads\/12-3-300x169.jpg 300w, https:\/\/almasibalazs.hu\/wp-content\/uploads\/12-3-768x432.jpg 768w, https:\/\/almasibalazs.hu\/wp-content\/uploads\/12-3.jpg 1920w\" sizes=\"auto, (max-width: 767px) 89vw, (max-width: 1000px) 54vw, (max-width: 1071px) 543px, 580px\" \/><\/figure><\/li><li class=\"blocks-gallery-item\"><figure><img loading=\"lazy\" decoding=\"async\" width=\"1024\" height=\"576\" src=\"http:\/\/www.almasibalazs.hu\/wp-content\/uploads\/8-1024x576.jpg\" alt=\"\" data-id=\"3651\" data-link=\"http:\/\/www.almasibalazs.hu\/?attachment_id=3651\" class=\"wp-image-3651\" srcset=\"https:\/\/almasibalazs.hu\/wp-content\/uploads\/8-1024x576.jpg 1024w, https:\/\/almasibalazs.hu\/wp-content\/uploads\/8-300x169.jpg 300w, https:\/\/almasibalazs.hu\/wp-content\/uploads\/8-768x432.jpg 768w, https:\/\/almasibalazs.hu\/wp-content\/uploads\/8.jpg 1920w\" sizes=\"auto, (max-width: 767px) 89vw, (max-width: 1000px) 54vw, (max-width: 1071px) 543px, 580px\" \/><\/figure><\/li><li class=\"blocks-gallery-item\"><figure><img loading=\"lazy\" decoding=\"async\" width=\"1024\" height=\"576\" src=\"http:\/\/www.almasibalazs.hu\/wp-content\/uploads\/11-2-1024x576.jpg\" alt=\"\" data-id=\"3653\" data-link=\"http:\/\/www.almasibalazs.hu\/?attachment_id=3653\" class=\"wp-image-3653\" srcset=\"https:\/\/almasibalazs.hu\/wp-content\/uploads\/11-2-1024x576.jpg 1024w, https:\/\/almasibalazs.hu\/wp-content\/uploads\/11-2-300x169.jpg 300w, https:\/\/almasibalazs.hu\/wp-content\/uploads\/11-2-768x432.jpg 768w, https:\/\/almasibalazs.hu\/wp-content\/uploads\/11-2.jpg 1920w\" sizes=\"auto, (max-width: 767px) 89vw, (max-width: 1000px) 54vw, (max-width: 1071px) 543px, 580px\" \/><\/figure><\/li><li class=\"blocks-gallery-item\"><figure><img loading=\"lazy\" decoding=\"async\" width=\"1920\" height=\"1080\" src=\"http:\/\/www.almasibalazs.hu\/wp-content\/uploads\/6-1024x576.jpg\" alt=\"\" data-id=\"3649\" data-link=\"http:\/\/www.almasibalazs.hu\/?attachment_id=3649\" class=\"wp-image-3649\" srcset=\"https:\/\/almasibalazs.hu\/wp-content\/uploads\/6-1024x576.jpg 1024w, https:\/\/almasibalazs.hu\/wp-content\/uploads\/6-300x169.jpg 300w, https:\/\/almasibalazs.hu\/wp-content\/uploads\/6-768x432.jpg 768w, https:\/\/almasibalazs.hu\/wp-content\/uploads\/6.jpg 1920w\" sizes=\"auto, (max-width: 767px) 89vw, (max-width: 1000px) 54vw, (max-width: 1071px) 543px, 580px\" \/><\/figure><\/li><li class=\"blocks-gallery-item\"><figure><img loading=\"lazy\" decoding=\"async\" width=\"1024\" height=\"576\" src=\"http:\/\/www.almasibalazs.hu\/wp-content\/uploads\/7-1024x576.jpg\" alt=\"\" data-id=\"3650\" data-link=\"http:\/\/www.almasibalazs.hu\/?attachment_id=3650\" class=\"wp-image-3650\" srcset=\"https:\/\/almasibalazs.hu\/wp-content\/uploads\/7-1024x576.jpg 1024w, https:\/\/almasibalazs.hu\/wp-content\/uploads\/7-300x169.jpg 300w, https:\/\/almasibalazs.hu\/wp-content\/uploads\/7-768x432.jpg 768w, https:\/\/almasibalazs.hu\/wp-content\/uploads\/7.jpg 1920w\" sizes=\"auto, (max-width: 767px) 89vw, (max-width: 1000px) 54vw, (max-width: 1071px) 543px, 580px\" \/><\/figure><\/li><li class=\"blocks-gallery-item\"><figure><img loading=\"lazy\" decoding=\"async\" width=\"1024\" height=\"576\" src=\"http:\/\/www.almasibalazs.hu\/wp-content\/uploads\/13-3-1024x576.jpg\" alt=\"\" data-id=\"3655\" data-link=\"http:\/\/www.almasibalazs.hu\/?attachment_id=3655\" class=\"wp-image-3655\" srcset=\"https:\/\/almasibalazs.hu\/wp-content\/uploads\/13-3-1024x576.jpg 1024w, https:\/\/almasibalazs.hu\/wp-content\/uploads\/13-3-300x169.jpg 300w, https:\/\/almasibalazs.hu\/wp-content\/uploads\/13-3-768x432.jpg 768w, https:\/\/almasibalazs.hu\/wp-content\/uploads\/13-3.jpg 1920w\" sizes=\"auto, (max-width: 767px) 89vw, (max-width: 1000px) 54vw, (max-width: 1071px) 543px, 580px\" \/><\/figure><\/li><li class=\"blocks-gallery-item\"><figure><img loading=\"lazy\" decoding=\"async\" width=\"1024\" height=\"576\" src=\"http:\/\/www.almasibalazs.hu\/wp-content\/uploads\/2-2-1024x576.jpg\" alt=\"\" data-id=\"3648\" data-link=\"http:\/\/www.almasibalazs.hu\/?attachment_id=3648\" class=\"wp-image-3648\" srcset=\"https:\/\/almasibalazs.hu\/wp-content\/uploads\/2-2-1024x576.jpg 1024w, https:\/\/almasibalazs.hu\/wp-content\/uploads\/2-2-300x169.jpg 300w, https:\/\/almasibalazs.hu\/wp-content\/uploads\/2-2-768x432.jpg 768w, https:\/\/almasibalazs.hu\/wp-content\/uploads\/2-2.jpg 1920w\" sizes=\"auto, (max-width: 767px) 89vw, (max-width: 1000px) 54vw, (max-width: 1071px) 543px, 580px\" \/><\/figure><\/li><\/ul>\n\n\n\n<p>A p\u00e1ly\u00e1zatunk koncepci\u00f3j\u00e1nak kivonata: <\/p>\n\n\n\n<p><strong>A szabads\u00e1g \u00e9p\u00edt\u0151k\u00f6vei alatt<\/strong><\/p>\n\n\n\n<p>Az eml\u00e9khely  terv\u00fcnk f\u00f3kusz\u00e1ban a h\u00e1bor\u00fas er\u0151szak elszenved\u00e9s\u00e9b\u0151l fakad\u00f3  elbesz\u00e9lhetetlen \u00e9s kimondhatatlan trauma megjelen\u00edt\u00e9s\u00e9nek probl\u00e9m\u00e1ja, a  hatalmi poz\u00edci\u00f3b\u00f3l tabus\u00edtott inform\u00e1ci\u00f3k t\u00e1rsadalmi hozz\u00e1f\u00e9rhet\u0151s\u00e9ge,  valamint az ezen kontextusb\u00f3l ad\u00f3d\u00f3 probl\u00e9m\u00e1k k\u00f6z\u00f6ss\u00e9gi  feldolgozhat\u00f3s\u00e1g\u00e1nak k\u00e9rd\u00e9se \u00e1ll. Nem mag\u00e1t az er\u0151szakt\u00e9tel aktus\u00e1t  akartam megjelen\u00edteni, hanem annak ut\u00f3\u00e9let\u00e9vel, a traum\u00e1val \u00e9s annak  egy\u00e9ni \u00e9s t\u00e1rsadalmi feldolgozhat\u00f3s\u00e1g\u00e1val, a hatalmi poz\u00edci\u00f3b\u00f3l  elrendelt elhallgattat\u00e1ssal, az egy\u00e9nek \u00e9s a k\u00f6z\u00f6ss\u00e9g \u00e9let\u00e9t ez\u00e1ltal  \u00e1tsz\u00f6v\u0151 s\u00e9r\u00fcl\u00e9ssel, mint a szabad \u00e9s \u00f6nazonos t\u00e1rsadalmi k\u00f6zeg  kialakul\u00e1s\u00e1nak ker\u00e9kk\u00f6t\u0151j\u00e9vel foglalkoztunk. <\/p>\n\n\n\n<figure class=\"wp-block-image\"><img loading=\"lazy\" decoding=\"async\" width=\"959\" height=\"768\" src=\"http:\/\/www.almasibalazs.hu\/wp-content\/uploads\/10-3-e1649884175467-959x768.jpg\" alt=\"\" class=\"wp-image-3661\" srcset=\"https:\/\/almasibalazs.hu\/wp-content\/uploads\/10-3-e1649884175467-959x768.jpg 959w, https:\/\/almasibalazs.hu\/wp-content\/uploads\/10-3-e1649884175467-300x240.jpg 300w, https:\/\/almasibalazs.hu\/wp-content\/uploads\/10-3-e1649884175467-768x615.jpg 768w, https:\/\/almasibalazs.hu\/wp-content\/uploads\/10-3-e1649884175467.jpg 1348w\" sizes=\"auto, (max-width: 767px) 89vw, (max-width: 1000px) 54vw, (max-width: 1071px) 543px, 580px\" \/><\/figure>\n\n\n\n<p><em>Mi\u00e9rt nem\n \u00e1ll\u00edtanak eml\u00e9km\u0171vet a h\u00e1bor\u00fas nemi er\u0151szak \u00e1ldozatainak a \nkatona\u00e1ldozatok mellett? Mi az \u00f6sszef\u00fcgg\u00e9s a hatalmi poz\u00edci\u00f3b\u00f3l \nmeghat\u00e1rozott t\u00f6rt\u00e9nelmi narrat\u00edv\u00e1k, az elhallgat\u00e1s \u00e9s elnyom\u00e1s, \nvalamint a n\u0151k t\u00e1rgyias\u00e1t\u00e1sa k\u00f6z\u00f6tt?&nbsp;<\/em><\/p>\n\n\n\n<p>Ezekre a \nk\u00e9rd\u00e9sek keretez\u00e9s\u00e9re tervezt\u00fcnk egy bej\u00e1rhat\u00f3 environmentet egy \npolitikai jelent\u00e9sekkel terhelt, \u00e9s gener\u00e1ci\u00f3k alatt megkopott \u00e9s \n\u00e1talakult jelent\u00e9sr\u00e9tegekkel rendelkez\u0151 helysz\u00ednen: a Szabads\u00e1g-szobor \nk\u00f6rnyezet\u00e9ben.<\/p>\n\n\n\n<figure class=\"wp-block-image\"><img loading=\"lazy\" decoding=\"async\" width=\"1024\" height=\"576\" src=\"http:\/\/www.almasibalazs.hu\/wp-content\/uploads\/11-2-1024x576.jpg\" alt=\"\" class=\"wp-image-3653\" srcset=\"https:\/\/almasibalazs.hu\/wp-content\/uploads\/11-2-1024x576.jpg 1024w, https:\/\/almasibalazs.hu\/wp-content\/uploads\/11-2-300x169.jpg 300w, https:\/\/almasibalazs.hu\/wp-content\/uploads\/11-2-768x432.jpg 768w, https:\/\/almasibalazs.hu\/wp-content\/uploads\/11-2.jpg 1920w\" sizes=\"auto, (max-width: 767px) 89vw, (max-width: 1000px) 54vw, (max-width: 1071px) 543px, 580px\" \/><\/figure>\n\n\n\n<p>Ha  k\u00f6rben\u00e9z\u00fcnk \u00e1ltal\u00e1ban a h\u00e1bor\u00fas eml\u00e9km\u0171vek k\u00f6zt \u2013 melyekb\u0151l egy\u00e9bk\u00e9nt  szinte minden falura jut egy-egy katona\u00e1ldozatokr\u00f3l sz\u00f3l\u00f3 szobor \u2013, azok  \u00e1ltal\u00e1ban az adott k\u00f6z\u00f6ss\u00e9ghez tartoz\u00f3 (f\u00e9rfi) h\u0151s\u00f6k neveit  sorakoztatj\u00e1k fel, \u00e9s\/vagy egy-egy allegorikus figur\u00e1val, legink\u00e1bb egy  h\u00e1bor\u00faba dics\u0151s\u00e9ggel vonul\u00f3 vagy egy \u00e9ppen eles\u0151, de a hal\u00e1l  pillanat\u00e1ban megdics\u0151\u00fcl\u0151 katona alakj\u00e1val eml\u00e9keztetnek a h\u00e1bor\u00fa  sz\u00f6rny\u0171, \u00e1m m\u00e9gis h\u0151sies \u00e9s felemel\u0151 mivolt\u00e1ra. Ezeknek egy oldal\u00e1ga,  amikor a hadba vonul\u00f3 katon\u00e1\u00e9rt agg\u00f3d\u00f3 feles\u00e9g vagy az elesett katona  fi\u00e1t sirat\u00f3 anya figur\u00e1ja jelenik meg, a n\u0151i nemet a t\u00e9m\u00e1ban  reprezent\u00e1land\u00f3, de legt\u00f6bbsz\u00f6r mell\u00e9kalakk\u00e9nt. \u00dagy t\u0171nik teh\u00e1t, hogy a  n\u0151k alakja a kollekt\u00edv eml\u00e9kezet h\u00e1bor\u00fas t\u00f6rt\u00e9neteinek k\u00f6zt\u00e9ri  \u00e1br\u00e1zol\u00e1saiban jellemz\u0151en legink\u00e1bb szenved\u0151 anya vagy agg\u00f3d\u00f3 feles\u00e9g  (ritka esetben a h\u00e1bor\u00faba indul\u00f3 katona apa kisl\u00e1nya) lehet \u2013 a h\u00e1bor\u00fas  nemi er\u0151szak \u00e1ldozat\u00e1ul esett n\u0151 semmik\u00e9ppen. Ez az\u00e9rt is van \u00edgy, mert a  nemi er\u0151szak sz\u00e1mos kult\u00far\u00e1ban m\u00e9g ma is a n\u0151 sz\u00e9gyen\u00e9nek sz\u00e1m\u00edt, de  ott is, ahol m\u00e1r nem \u00edgy gondolnak erre a b\u0171ntettre, az \u00e1ldozat gyakran  sz\u00e9gyent \u00e9rez, ez\u00e9rt is besz\u00e9l r\u00f3la nehezen, vagy egy\u00e1ltal\u00e1n nem.<\/p>\n\n\n\n<figure class=\"wp-block-image\"><img loading=\"lazy\" decoding=\"async\" width=\"1024\" height=\"576\" src=\"http:\/\/www.almasibalazs.hu\/wp-content\/uploads\/8-1024x576.jpg\" alt=\"\" class=\"wp-image-3651\" srcset=\"https:\/\/almasibalazs.hu\/wp-content\/uploads\/8-1024x576.jpg 1024w, https:\/\/almasibalazs.hu\/wp-content\/uploads\/8-300x169.jpg 300w, https:\/\/almasibalazs.hu\/wp-content\/uploads\/8-768x432.jpg 768w, https:\/\/almasibalazs.hu\/wp-content\/uploads\/8.jpg 1920w\" sizes=\"auto, (max-width: 767px) 89vw, (max-width: 1000px) 54vw, (max-width: 1071px) 543px, 580px\" \/><\/figure>\n\n\n\n<p>Judith Herman szerint, \u201e<em>Ha az \u00e1ldozatot eleve alacsonyabb t\u00e1rsadalmi \u00e9rt\u00e9k\u0171nek tekintik (mert n\u0151 vagy gyerek), (\u2026) \u00e9lm\u00e9nye kimondhatatlann\u00e1 v\u00e1lik<\/em>.\u201d<a href=\"https:\/\/kollermargit.com\/hu\/a-szabadsag-epitokovei-alatt-kozteri-szoborterv\/#_ftn1\"><sup>[1]<\/sup><\/a>\n Az egy\u00e9ni trauma feldolgoz\u00e1sa hasonl\u00f3k\u00e9pp nehezen m\u0171k\u00f6dik, mint a \nk\u00f6z\u00f6ss\u00e9gi traum\u00e1kkal val\u00f3 szemben\u00e9z\u00e9s: ami kellemetlen a t\u00e1rsadalomnak, \nazt megpr\u00f3b\u00e1lja l\u00e1thatatlann\u00e1 tenni, hasonl\u00f3an az egy\u00e9nhez, aki \ntraum\u00e1j\u00e1t elfojtja, tagadja.<\/p>\n\n\n\n<p>Ha a h\u00e1bor\u00fas \ner\u0151szak \u00e1br\u00e1zol\u00e1s\u00e1nak l\u00e9lektan\u00e1t a n\u0151k leig\u00e1z\u00e1sa (klasszikusan ink\u00e1bb a \nnemi er\u0151szak) \u00e9s a f\u00e9rfiak leig\u00e1z\u00e1sa (klasszikusan ink\u00e1bb gyilkol\u00e1s \n\u00e9s\/vagy foglyul ejt\u00e9s) kateg\u00f3ri\u00e1kban vizsg\u00e1ljuk, akkor l\u00e1thatjuk, hogy \nut\u00f3bbira a k\u00f6z\u00f6ss\u00e9gi narrat\u00edva h\u0151si \u00e1ldozatk\u00e9nt, el\u0151bbire azonban \nsz\u00e9gyenk\u00e9nt, tabuk\u00e9nt \u00e9s ebb\u0151l fakad\u00f3an elbesz\u00e9lhetetlenk\u00e9nt tekint. Ez a\n fajta narrat\u00edva a dics\u0151s\u00e9g \u00e9s a gy\u0151zelem illuz\u00f3rikus rendszer\u00e9nek \nfenntart\u00e1sa fel\u0151l k\u00f6zel\u00edt, melynek kereteiben a sz\u00e9gyen \u00e9s a mocsok \n\u00e1br\u00e1zolhatatlan. A h\u00e1bor\u00fanak van egy elhallgatott oldala, amiben \np\u00e1rhuzam tal\u00e1lhat\u00f3 a megsz\u00e9gyen\u00edtett n\u0151k \u00e9s a dezert\u0151r\u00f6k, a megh\u00e1tr\u00e1l\u00f3 \nkaton\u00e1k, a h\u00e1bor\u00fa kev\u00e9sb\u00e9 dics\u0151s\u00e9ges, h\u00f3d\u00edt\u00f3 vagy v\u00e9delmez\u0151 oldal\u00e1t \nmutat\u00f3 (hagyom\u00e1nyosan) f\u00e9rfiak k\u00f6z\u00f6tt. A k\u00f6z\u00f6s ezekben az emberekben, \nhogy mind \u00e1ldozatok: nem \u0151k d\u00f6nthettek al\u00e1rendelt \u00e9s kiszolg\u00e1ltatott \nszerep\u00fckr\u0151l a h\u00e1bor\u00faban, ebben pedig semmi h\u0151sies nincs. <em>A hatalomnak viszont sz\u00fcks\u00e9ge van arra, hogy a<\/em> <em>h\u00e1bor\u00fa dics\u0151s\u00e9ges mivolt\u00e1nak k\u00e9p\u00e9t fenntartsa<\/em>,\n ez\u00e9rt a h\u00e1bor\u00fas narrat\u00edva a parancs vagy er\u0151szak mozgatta emberekb\u0151l \nh\u0151st csin\u00e1l, okleveleket \u00e9s d\u00edjakat oszt \u00e9s dics\u0151 eml\u00e9km\u0171veket \u00e1ll\u00edt \nk\u00f6ztereken, hogy elfedje az egy\u00e9nek tehetetlens\u00e9g\u00e9t.<\/p>\n\n\n\n<figure class=\"wp-block-image\"><img loading=\"lazy\" decoding=\"async\" width=\"1024\" height=\"576\" src=\"http:\/\/www.almasibalazs.hu\/wp-content\/uploads\/7-1024x576.jpg\" alt=\"\" class=\"wp-image-3650\" srcset=\"https:\/\/almasibalazs.hu\/wp-content\/uploads\/7-1024x576.jpg 1024w, https:\/\/almasibalazs.hu\/wp-content\/uploads\/7-300x169.jpg 300w, https:\/\/almasibalazs.hu\/wp-content\/uploads\/7-768x432.jpg 768w, https:\/\/almasibalazs.hu\/wp-content\/uploads\/7.jpg 1920w\" sizes=\"auto, (max-width: 767px) 89vw, (max-width: 1000px) 54vw, (max-width: 1071px) 543px, 580px\" \/><\/figure>\n\n\n\n<figure class=\"wp-block-image\"><img loading=\"lazy\" decoding=\"async\" width=\"1024\" height=\"576\" src=\"http:\/\/www.almasibalazs.hu\/wp-content\/uploads\/13-3-1024x576.jpg\" alt=\"\" class=\"wp-image-3655\" srcset=\"https:\/\/almasibalazs.hu\/wp-content\/uploads\/13-3-1024x576.jpg 1024w, https:\/\/almasibalazs.hu\/wp-content\/uploads\/13-3-300x169.jpg 300w, https:\/\/almasibalazs.hu\/wp-content\/uploads\/13-3-768x432.jpg 768w, https:\/\/almasibalazs.hu\/wp-content\/uploads\/13-3.jpg 1920w\" sizes=\"auto, (max-width: 767px) 89vw, (max-width: 1000px) 54vw, (max-width: 1071px) 543px, 580px\" \/><\/figure>\n\n\n\n<p><em>A h\u00e1bor\u00fas\n eml\u00e9km\u0171vek kiszolg\u00e1lj\u00e1k ezt a h\u00e1bor\u00fas t\u00f6rt\u00e9net\u00edr\u00e1st: b\u00e1r \u00e1ldozatokr\u00f3l \nsz\u00f3lnak, ezek az \u00e1ldozatok csak a h\u0151si \u00e1ldozatokat reprezent\u00e1lj\u00e1k<\/em>, \n\u00e9s a kiv\u00edvott szabads\u00e1g, gy\u0151zelem, de legal\u00e1bbis a be\u00e1ll\u00f3 b\u00e9ke \nszimb\u00f3lumai. Az elesett katon\u00e1k h\u0151si \u00e1ldozata teh\u00e1t a szabads\u00e1g \u00e9s b\u00e9ke \n\u00e9p\u00edt\u0151k\u00f6ve. De a gy\u0151zelmi narrat\u00edv\u00e1kat minden esetben hatalmi poz\u00edci\u00f3b\u00f3l \n\u00edrj\u00e1k. Hogy val\u00f3j\u00e1ban milyen \u00e9p\u00edt\u0151k\u00f6vekkel \u00e9s malterral \u00e9p\u00fclt fel a \nszabads\u00e1g \u00faj terepe \u00e9s milyen \u00e1ron, milyen talapzatra ker\u00fclt az \u00faj rend,\n ennek elmes\u00e9l\u00e9s\u00e9nek legitim\u00e1ci\u00f3j\u00e1hoz csak kevesen f\u00e9rnek hozz\u00e1. A \nfelsz\u00ednen fut\u00f3 narrat\u00edva m\u00f6g\u00e9 n\u00e9zni kiv\u00e1lts\u00e1g, hiszen a hozz\u00e1 vezet\u0151 \ntud\u00e1st csak a legtanultabb n\u00e9h\u00e1ny szakember k\u00e9pes megszerezni, a \nt\u00e1rsadalom sz\u00e1m\u00e1ra ez az ismereti szint el\u00e9rhetetlen, s\u0151t, l\u00e1thatatlan, \npedig ezek a t\u00f6rt\u00e9netek k\u00f6zt\u00fcnk \u00e9lnek \u00e9s fejtik ki hat\u00e1sukat mindm\u00e1ig.<\/p>\n\n\n\n<p>Hiszem, hogy \nszabads\u00e1g csak olyan nemzet felett vir\u00e1gozhat, ahol a k\u00f6z\u00f6ss\u00e9g szemben\u00e9z\n az elk\u00f6vetett \u00e9s elszenvedett s\u00e9relmekkel, felfejti a gy\u0151zelmi \nnarrat\u00edv\u00e1k alatt megh\u00faz\u00f3d\u00f3 sz\u00e1lakat, a dics\u0151s\u00e9g k\u00f6z\u00f6sen megfizetett \n\u00e1r\u00e1t, \u00e9s egy\u00fctt megteremti a feldolgoz\u00e1s lehets\u00e9ges (de semmik\u00e9ppen sem \naz \u00e1ldozatokra r\u00e1er\u0151szakolt) terep\u00e9t.<\/p>\n\n\n\n<figure class=\"wp-block-image\"><img loading=\"lazy\" decoding=\"async\" width=\"1024\" height=\"576\" src=\"http:\/\/www.almasibalazs.hu\/wp-content\/uploads\/12-3-1024x576.jpg\" alt=\"\" class=\"wp-image-3654\" srcset=\"https:\/\/almasibalazs.hu\/wp-content\/uploads\/12-3-1024x576.jpg 1024w, https:\/\/almasibalazs.hu\/wp-content\/uploads\/12-3-300x169.jpg 300w, https:\/\/almasibalazs.hu\/wp-content\/uploads\/12-3-768x432.jpg 768w, https:\/\/almasibalazs.hu\/wp-content\/uploads\/12-3.jpg 1920w\" sizes=\"auto, (max-width: 767px) 89vw, (max-width: 1000px) 54vw, (max-width: 1071px) 543px, 580px\" \/><\/figure>\n\n\n\n<p>Ez\u00e9rt a \ntervezett helyspecifikus beavatkoz\u00e1s nem egy auton\u00f3m alkot\u00e1s \nl\u00e9trehoz\u00e1s\u00e1ra, hanem egy a k\u00f6zt\u00e9ren m\u00e1r l\u00e9tez\u0151 eml\u00e9km\u0171 ter\u00e9nek kort\u00e1rs \nkontextusba helyez\u00e9s\u00e9re ir\u00e1nyul. Helysz\u00edne a Gell\u00e9rt-hegyen elhelyezked\u0151\n Szabads\u00e1g-szobor posztamens\u00e9nek h\u00e1ts\u00f3 oldala, illetve a m\u00f6g\u00f6tte \nelhelyezked\u0151 Citadella Szabads\u00e1g-szobor fel\u00e9 n\u00e9z\u0151 r\u00e9sze k\u00f6zti ter\u00fclet. A\n tervezett beavatkoz\u00e1s a kollekt\u00edv t\u00f6rt\u00e9nelem elhallgatott aspektusaira \nval\u00f3 r\u00e1mutat\u00e1s \u00e9s az eml\u00e9keztet\u00e9s terep\u00e9t nyitja meg a nevezett \nobjektumok \u00e1ltal hat\u00e1rolt t\u00e9r metsz\u00e9spontj\u00e1ban.&nbsp;<\/p>\n\n\n\n<p><strong>A helysz\u00edn: a Szabads\u00e1g-szobor \u00e9s a Citadella metsz\u00e9spontja<\/strong><\/p>\n\n\n\n<p>A p\u00e1lyam\u0171 \nv\u00e1lasztott helysz\u00edne (mellyel elt\u00e9rt\u00fcnk az aj\u00e1nlott helysz\u00ednekt\u0151l) tele \nvan olyan terhelt jelent\u00e9sr\u00e9teggel \u00e9s az adott helyhez k\u00f6t\u0151d\u0151 \nszimb\u00f3lumokkal, melyek az elhallgatott narrat\u00edv\u00e1k felsz\u00ednre hoz\u00e1sa \nn\u00e9lk\u00fcl ker\u00fcltek a kollekt\u00edv felejt\u00e9s lejt\u0151j\u00e9re. A Szabads\u00e1g-szobor \u00e9s a \nCitadella eredeti funkci\u00f3jukban \u00e9s szimbolik\u00e1jukban szoros rokons\u00e1gban \n\u00e1llnak egym\u00e1ssal: mindkett\u0151 eredetileg birodalmi kolonializ\u00e1ci\u00f3s c\u00e9lb\u00f3l \n\u00e9p\u00fclt t\u00e9r, melyeknek a k\u00f6z\u00f6ss\u00e9gi szerepe, a 21. sz\u00e1zadi budapesti \u00e9letbe\n val\u00f3 illeszthet\u0151s\u00e9ge m\u00e9g mindig fontos k\u00e9rd\u00e9s. Az\n \u00e9p\u00edt\u00e9s\u00fck\/\u00e1ll\u00edt\u00e1suk \u00f3ta eltelt, t\u00f6bb gener\u00e1ci\u00f3nyi id\u0151 alatt a k\u00f6z\u00f6ss\u00e9gi \neml\u00e9kezet megfakult, az egym\u00e1s mellett elhelyezked\u0151 szobor \u00e9s \u00e9p\u00fclet \neredeti jelent\u00e9sr\u00e9tegeit egyre ink\u00e1bb befedi a felejt\u00e9s, alak\u00edtja \u0151ket a\n korszellem, a turizmus \u00e9s sz\u00f3rakozni v\u00e1gy\u00e1s kiszolg\u00e1l\u00e1s\u00e1nak ig\u00e9nye. \nV\u00e1rosk\u00e9pi jelent\u0151s\u00e9g\u00fck lett \u00e9s t\u00f6bb \u00e1talak\u00edt\u00e1son estek \u00e1t, s\u0151t, a \nCitadella \u00e1talak\u00edt\u00e1sa \u00e9s funkci\u00f3v\u00e1lt\u00e1sa jelenleg is zajlik. A \nSzabads\u00e1g-szobor a Felszabadul\u00e1si eml\u00e9km\u0171b\u0151l m\u00e1ra a SZABADS\u00c1G budapesti \njelk\u00e9pe v\u00e1lt, m\u00f6g\u00f6tte pedig \u00fagy k\u00edv\u00e1nj\u00e1k \u00e1talak\u00edtani a Citadella \neredetileg er\u0151d\u00edtm\u00e9nynek k\u00e9sz\u00fclt \u00e9p\u00fcletkomplexum\u00e1t, hogy az a sz\u00f3rakoz\u00e1s\n \u00e9s m\u0171vel\u0151d\u00e9s terepe legyen.<\/p>\n\n\n\n<p><em>Az\n \u00e1ltalunk tervezett k\u00f6zt\u00e9ri beavatkoz\u00e1s vizu\u00e1lis eszk\u00f6zei a t\u00f6rt\u00e9nelmi \nnarrat\u00edv\u00e1k k\u00f6zt\u00e9ri megjelen\u00edt\u00e9s\u00e9nek egy kort\u00e1rs aspektus\u00e1t, a hatalmi \nreprezent\u00e1ci\u00f3 \u00e9s elhallgattat\u00e1s ellentmond\u00e1s\u00e1t helyezik a l\u00e1tv\u00e1ny \nf\u00f3kusz\u00e1ba, a n\u0151ket \u00e9rt h\u00e1bor\u00fas er\u0151szak tabus\u00edt\u00e1s\u00e1val k\u00f6z\u00e9ppontban. A \ntervezett t\u00e9ri \u00f6sszef\u00fcgg\u00e9sek lehet\u0151v\u00e9 teszik az ellentmond\u00e1s kollekt\u00edv \n\u00e9s egy\u00e9ni kontextusainak \u00e9szlel\u00e9s\u00e9t \u00e9s az ezekre t\u00f6rt\u00e9n\u0151 reflekt\u00e1l\u00e1st. <\/em><\/p>\n\n\n\n<p>A terv \nvizu\u00e1lis elemei r\u00e1ir\u00e1ny\u00edtj\u00e1k az arra j\u00e1r\u00f3 l\u00e1togat\u00f3k figyelm\u00e9t a \nszabads\u00e1g sokszor leegyszer\u0171s\u00edtett narrat\u00edv\u00e1ja m\u00f6g\u00f6tt megh\u00faz\u00f3d\u00f3, \nelnyomott \u00e9s elhallgatott, kellemetlen aspektusok \u00e1rnyalt volt\u00e1ra, a \nszabads\u00e1g \u00e1r\u00e1nak \u00e9s a b\u00e9ke kiv\u00edv\u00e1s\u00e1nak \u00f6sszetetts\u00e9g\u00e9re, k\u00fcl\u00f6n\u00f6s \ntekintettel a n\u0151k\u00f6n esett er\u0151szakra. Az alkot\u00f3i beavatkoz\u00e1s teh\u00e1t a \nszabads\u00e1g, a felszabadul\u00e1s, a gy\u0151zelem okozta nyugalom \u00e9s az \u00f6nfeledt \nsz\u00f3rakoz\u00e1s tere alatt megh\u00faz\u00f3d\u00f3, elnyomott \u00e9s kellemetlen narrat\u00edv\u00e1kkal \nval\u00f3 szemben\u00e9z\u00e9s sz\u00fcks\u00e9gess\u00e9g\u00e9t hozza felsz\u00ednre, a n\u00e9z\u0151k el\u00e9 t\u00e1rva annak\n szem\u00e9lyre sz\u00f3l\u00f3 \u00e9s t\u00e1rsadalmi szint\u0171 lehet\u0151s\u00e9g\u00e9t.<\/p>\n\n\n\n<p><strong>Mot\u00edvumok<\/strong><\/p>\n\n\n\n<p>Az eml\u00e9khely  terv\u00fcnk h\u00e1rom f\u0151 elemb\u0151l \u00e1ll: egy a Szabads\u00e1g-szobor posztamens\u00e9re  helyezett m\u0171k\u0151 ajt\u00f3b\u00f3l, egy \u00fcvegf\u00f6d\u00e9m al\u00e1 s\u00fcllyesztett t\u00fck\u00f6rb\u0151l \u00e9s a  Citadell\u00e1t az \u00fajra\u00e9p\u00edt\u00e9s\u00e9nek terv\u00e9ben szerepl\u0151 l\u00e9pcs\u0151 egy sz\u0171kebb  verzi\u00f3j\u00e1b\u00f3l.<\/p>\n\n\n\n<p><em>Ajt\u00f3<\/em><\/p>\n\n\n\n<figure class=\"wp-block-image\"><img loading=\"lazy\" decoding=\"async\" width=\"1024\" height=\"576\" src=\"http:\/\/www.almasibalazs.hu\/wp-content\/uploads\/5-1024x576.jpg\" alt=\"\" class=\"wp-image-3671\" srcset=\"https:\/\/almasibalazs.hu\/wp-content\/uploads\/5-1024x576.jpg 1024w, https:\/\/almasibalazs.hu\/wp-content\/uploads\/5-300x169.jpg 300w, https:\/\/almasibalazs.hu\/wp-content\/uploads\/5-768x432.jpg 768w, https:\/\/almasibalazs.hu\/wp-content\/uploads\/5.jpg 1920w\" sizes=\"auto, (max-width: 767px) 89vw, (max-width: 1000px) 54vw, (max-width: 1071px) 543px, 580px\" \/><\/figure>\n\n\n\n<p>A \nSzabads\u00e1g-szobor posztamens\u00e9nek h\u00e1ts\u00f3 oldal\u00e1t k\u00e9pz\u0151 egys\u00e9g\u00e9nek k\u00f6z\u00e9ps\u0151 \nelem\u00e9n egy az \u00e9letnagys\u00e1gn\u00e1l nagyobb, m\u0171k\u0151b\u0151l ki\u00f6nt\u00f6tt ajt\u00f3 helyezkedik \nel, mely a vez\u00e9rigazgat\u00f3k irod\u00e1j\u00e1nak ajtaj\u00e1ra oly jellemz\u0151, b\u0151rrel \nbor\u00edtott \u00e9s gombokkal kivarrt ajt\u00f3t jelen\u00edt meg \u2013 a napjainkra jellemz\u0151 \nautorit\u00e1s szimbolikus ter\u00e9t. Az ajt\u00f3 a Szabads\u00e1g szobr\u00e1nak talapzat\u00e1n \nelhelyezkedve azt a szimbolikus, z\u00e1rt \u00e9s rejtett teret v\u00e1lasztja el a \nn\u00e9z\u0151t\u0151l, amire a kiv\u00edvott szabads\u00e1g alleg\u00f3ri\u00e1ja fel\u00e9p\u00fclt. A felt\u00e1r\u00e1s \nazonban elmarad: az ajt\u00f3 mivel egy kinyithatatlan t\u00f6mbbe \u00f6nt\u00f6tt t\u00e9relem,\n z\u00e1rva van, a m\u00f6g\u00f6tte l\u00e9v\u0151 dimenzi\u00f3\/olvasat rejtve marad az arra j\u00e1r\u00f3k \nel\u0151tt. A z\u00e1rt t\u00e9rhez lentr\u0151l, vagyis a n\u00e9z\u0151 poz\u00edci\u00f3j\u00e1b\u00f3l, nem lehet \nhozz\u00e1f\u00e9rni, hi\u00e1ba vezet hozz\u00e1 l\u00e9pcs\u0151 is (szint\u00e9n m\u0171k\u0151b\u0151l), azok olyan \nmagass\u00e1gban indulnak, melyeket az arra s\u00e9t\u00e1l\u00f3 emberek nem \u00e9rnek fel.<\/p>\n\n\n\n<p><em>T\u00fck\u00f6r<\/em><\/p>\n\n\n\n<figure class=\"wp-block-image\"><img loading=\"lazy\" decoding=\"async\" width=\"1024\" height=\"576\" src=\"http:\/\/www.almasibalazs.hu\/wp-content\/uploads\/2-2-1024x576.jpg\" alt=\"\" class=\"wp-image-3648\" srcset=\"https:\/\/almasibalazs.hu\/wp-content\/uploads\/2-2-1024x576.jpg 1024w, https:\/\/almasibalazs.hu\/wp-content\/uploads\/2-2-300x169.jpg 300w, https:\/\/almasibalazs.hu\/wp-content\/uploads\/2-2-768x432.jpg 768w, https:\/\/almasibalazs.hu\/wp-content\/uploads\/2-2.jpg 1920w\" sizes=\"auto, (max-width: 767px) 89vw, (max-width: 1000px) 54vw, (max-width: 1071px) 543px, 580px\" \/><\/figure>\n\n\n\n<p>A Citadella \njelenleg \u00e1t\u00e9p\u00edt\u00e9s alatt \u00e1ll: egy \u00e9k alak\u00fa l\u00e9pcs\u0151sorral megnyitj\u00e1k a \nSzabads\u00e1g-szobor ir\u00e1ny\u00e1ba. A l\u00e9pcs\u0151 \u00e9s a Szabads\u00e1g-szobor k\u00f6z\u00f6tti \nj\u00e1r\u00f3fel\u00fclet al\u00e1 egy t\u00fck\u00f6rlapot s\u00fcllyeszt\u00fcnk, melyre a r\u00e1l\u00e1t\u00e1st egy \nbiztons\u00e1gi \u00fcvegb\u0151l k\u00e9sz\u00fclt j\u00e1r\u00f3lap biztos\u00edtja \u00fagy, mint a felt\u00e1rt \nr\u00e9g\u00e9szeti eml\u00e9kek nyilv\u00e1nos bemutat\u00e1sa eset\u00e9ben.<\/p>\n\n\n\n<p>A j\u00e1r\u00f3 \nszintet k\u00e9pez\u0151 \u00fcveg alatt megh\u00faz\u00f3d\u00f3 (id\u0151)s\u00edkon t\u00fckr\u00f6z\u0151d\u0151 k\u00e9p p\u00e1ly\u00e1zatunk\n egyik l\u00e9nyegi mot\u00edvuma, melyen a k\u00fcl\u00f6nb\u00f6z\u0151 beavatkoz\u00e1sok \u00e9s \nkieg\u00e9sz\u00edt\u00e9sek \u00f6sszetal\u00e1lkoznak az eredeti form\u00e1kkal \u00e9s terekkel, azonban\n egy szokatlan perspekt\u00edv\u00e1ban. A t\u00fck\u00f6rlap ugyanis b\u00e9kaperspekt\u00edv\u00e1b\u00f3l \njelen\u00edti meg a dics\u0151 Szabads\u00e1g-szobor allegorikus n\u0151alakj\u00e1t, minek \nk\u00f6vetkezt\u00e9ben egy illetlen \u00e9s ez\u00e9rt zavarbaejt\u0151, a n\u0151alak szokny\u00e1ja al\u00e1 \ntekint\u0151 n\u00e9z\u0151ponttal tal\u00e1lkozik a n\u00e9z\u0151. Ez a gesztus a legkev\u00e9sb\u00e9 sem a \nSzabads\u00e1g-szobor meggyal\u00e1z\u00e1s\u00e1ra, hanem a n\u0151k t\u00e1rgyias\u00edt\u00e1s\u00e1nak \u00e9s a \nh\u00e1bor\u00fas nemi er\u0151szaknak a hatalmi poz\u00edci\u00f3val val\u00f3 \u00f6sszef\u00fcgg\u00e9seire \nir\u00e1ny\u00edtja r\u00e1 a n\u00e9z\u0151 figyelm\u00e9t.<\/p>\n\n\n\n<p>Az alkot\u00e1ssal\n val\u00f3 tal\u00e1lkoz\u00e1s sor\u00e1n az arra s\u00e9t\u00e1l\u00f3k feltehetik magukban azt a \nk\u00e9rd\u00e9st, hogy a zavarbaejt\u0151 perspekt\u00edva l\u00e1tv\u00e1ny\u00e1t\u00f3l ink\u00e1bb f\u00e9lren\u00e9zzenek\n \u00e9s tov\u00e1bbmenjenek, vagy megkeress\u00e9k a t\u00fck\u00f6rk\u00e9pben saj\u00e1t helyzet\u00fcket \u00e9s \negyben viszonyul\u00e1sukat az \u00e1ltalunk teremtett szimb\u00f3lumok rendszer\u00e9ben.<\/p>\n\n\n\n<p><em>L\u00e9pcs\u0151<\/em><\/p>\n\n\n\n<p>A \nSzabads\u00e1g-szobor m\u00f6g\u00f6tt elhelyezked\u0151 Citadella jelenleg \u00e1talak\u00edt\u00e1s alatt\n \u00e1ll: a \u201erondell\u00e1t (kiugr\u00f3, kerek b\u00e1sty\u00e1t) a magyars\u00e1g \nszabads\u00e1gk\u00fczdelmeire eml\u00e9kez\u0151 m\u00fazeumm\u00e1, a Citadella bels\u0151, jelenleg nem \nhasznos\u00edtott ter\u00fclet\u00e9t parkk\u00e1 alak\u00edtj\u00e1k \u00e1t a v\u00e1rosrendez\u00e9si koncepci\u00f3 \nszerint.\u201d (telex.hu) A keleti falat megbontva, egy \u00e9k alak\u00fa l\u00e9pcs\u0151sor \nk\u00f6ti majd \u00f6ssze a Szabads\u00e1g-szobrot a Citadell\u00e1n kialak\u00edtott \nkil\u00e1t\u00f3terasszal.<\/p>\n\n\n\n<ul class=\"wp-block-gallery columns-2 is-cropped wp-block-gallery-2 is-layout-flex wp-block-gallery-is-layout-flex\"><li class=\"blocks-gallery-item\"><figure><img loading=\"lazy\" decoding=\"async\" width=\"1920\" height=\"1080\" src=\"http:\/\/www.almasibalazs.hu\/wp-content\/uploads\/6-1024x576.jpg\" alt=\"\" data-id=\"3649\" data-link=\"http:\/\/www.almasibalazs.hu\/?attachment_id=3649\" class=\"wp-image-3649\" srcset=\"https:\/\/almasibalazs.hu\/wp-content\/uploads\/6-1024x576.jpg 1024w, https:\/\/almasibalazs.hu\/wp-content\/uploads\/6-300x169.jpg 300w, https:\/\/almasibalazs.hu\/wp-content\/uploads\/6-768x432.jpg 768w, https:\/\/almasibalazs.hu\/wp-content\/uploads\/6.jpg 1920w\" sizes=\"auto, (max-width: 767px) 89vw, (max-width: 1000px) 54vw, (max-width: 1071px) 543px, 580px\" \/><\/figure><\/li><li class=\"blocks-gallery-item\"><figure><img loading=\"lazy\" decoding=\"async\" width=\"720\" height=\"449\" src=\"http:\/\/www.almasibalazs.hu\/wp-content\/uploads\/Citadella-felnyit\u00e1s.jpg\" alt=\"\" data-id=\"3669\" data-link=\"http:\/\/www.almasibalazs.hu\/?attachment_id=3669\" class=\"wp-image-3669\" srcset=\"https:\/\/almasibalazs.hu\/wp-content\/uploads\/Citadella-felnyit\u00e1s.jpg 720w, https:\/\/almasibalazs.hu\/wp-content\/uploads\/Citadella-felnyit\u00e1s-300x187.jpg 300w\" sizes=\"auto, (max-width: 720px) 100vw, 720px\" \/><\/figure><\/li><\/ul>\n\n\n\n<p>Az \u00e9k alak\u00fa \nl\u00e9pcs\u0151sort sz\u0171kebb l\u00e9pt\u00e9k\u0171re, 180 cm sz\u00e9lesre javasoljuk, mert \nv\u00e9lem\u00e9ny\u00fcnk szerint \u00edgy kev\u00e9sb\u00e9 bontjuk meg a Citadella bevehetetlen \ner\u0151d-jelleg\u00e9t, jobban meg\u0151rizve a t\u00f6rt\u00e9neti funkci\u00f3 eml\u00e9k\u00e9t. A sz\u0171kebbre\n vett l\u00e9pcs\u0151sor a Szabads\u00e1g-szobor alj\u00e1ba tervezett eml\u00e9khelyet \u00fagy k\u00f6ti\n \u00f6ssze a Citadella parkos\u00edtott fels\u0151 terep\u00e9vel, hogy felfel\u00e9 bej\u00e1rva \nfalainak magass\u00e1ga fokozatosan cs\u00f6kken, a t\u00e9r teh\u00e1t fokozatosan \nmegny\u00edlik a h\u00e1bor\u00fas eml\u00e9kezet fel\u0151l a szabads\u00e1g tere fel\u00e9, ellenkez\u0151 \nir\u00e1nyb\u00f3l pedig a magasod\u00f3 falak perspekt\u00edv\u00e1ja r\u00e1ir\u00e1ny\u00edtja a figyelmet az\n eml\u00e9khely k\u00f6zponti elemeire.<\/p>\n\n\n\n<p class=\"has-small-font-size\"><a href=\"https:\/\/kollermargit.com\/hu\/a-szabadsag-epitokovei-alatt-kozteri-szoborterv\/#_ftnref1\">[1]<\/a>\n Judith Herman: Trauma \u00e9s gy\u00f3gyul\u00e1s \u2013 Az er\u0151szak hat\u00e1sa a csal\u00e1don \nbel\u00fcli b\u00e1ntalmaz\u00e1st\u00f3l a politikai terrorig (Schell Gergely \nszakpszichol\u00f3gus el\u0151ad\u00e1s\u00e1b\u00f3l (Eml\u00e9kez\u00e9s \u00e9s felejt\u00e9s \u2013 A katonai er\u0151szak \nfeldolgoz\u00e1s\u00e1nak lehet\u0151s\u00e9gei) id\u00e9zve: <a href=\"https:\/\/www.youtube.com\/watch?v=n0zx36pAPcc&amp;t=4712s\">https:\/\/www.youtube.com\/watch?v=n0zx36pAPcc&amp;t=4712s<\/a><\/p>\n","protected":false},"excerpt":{"rendered":"","protected":false},"author":1,"featured_media":3643,"comment_status":"open","ping_status":"open","sticky":false,"template":"","format":"standard","meta":{"_monsterinsights_skip_tracking":false,"_monsterinsights_sitenote_active":false,"_monsterinsights_sitenote_note":"","_monsterinsights_sitenote_category":0,"footnotes":""},"categories":[3],"tags":[],"class_list":["post-3640","post","type-post","status-publish","format-standard","has-post-thumbnail","hentry","category-palyazat"],"_links":{"self":[{"href":"https:\/\/almasibalazs.hu\/index.php?rest_route=\/wp\/v2\/posts\/3640","targetHints":{"allow":["GET"]}}],"collection":[{"href":"https:\/\/almasibalazs.hu\/index.php?rest_route=\/wp\/v2\/posts"}],"about":[{"href":"https:\/\/almasibalazs.hu\/index.php?rest_route=\/wp\/v2\/types\/post"}],"author":[{"embeddable":true,"href":"https:\/\/almasibalazs.hu\/index.php?rest_route=\/wp\/v2\/users\/1"}],"replies":[{"embeddable":true,"href":"https:\/\/almasibalazs.hu\/index.php?rest_route=%2Fwp%2Fv2%2Fcomments&post=3640"}],"version-history":[{"count":10,"href":"https:\/\/almasibalazs.hu\/index.php?rest_route=\/wp\/v2\/posts\/3640\/revisions"}],"predecessor-version":[{"id":3680,"href":"https:\/\/almasibalazs.hu\/index.php?rest_route=\/wp\/v2\/posts\/3640\/revisions\/3680"}],"wp:featuredmedia":[{"embeddable":true,"href":"https:\/\/almasibalazs.hu\/index.php?rest_route=\/wp\/v2\/media\/3643"}],"wp:attachment":[{"href":"https:\/\/almasibalazs.hu\/index.php?rest_route=%2Fwp%2Fv2%2Fmedia&parent=3640"}],"wp:term":[{"taxonomy":"category","embeddable":true,"href":"https:\/\/almasibalazs.hu\/index.php?rest_route=%2Fwp%2Fv2%2Fcategories&post=3640"},{"taxonomy":"post_tag","embeddable":true,"href":"https:\/\/almasibalazs.hu\/index.php?rest_route=%2Fwp%2Fv2%2Ftags&post=3640"}],"curies":[{"name":"wp","href":"https:\/\/api.w.org\/{rel}","templated":true}]}}