{"id":3753,"date":"2022-09-22T11:03:06","date_gmt":"2022-09-22T11:03:06","guid":{"rendered":"https:\/\/almasibalazs.hu\/?p=3753"},"modified":"2022-10-22T12:48:51","modified_gmt":"2022-10-22T12:48:51","slug":"a-pet-gemeskut-ausztriaban","status":"publish","type":"post","link":"https:\/\/almasibalazs.hu\/?p=3753","title":{"rendered":"A PET g\u00e9mesk\u00fat Ausztri\u00e1ban"},"content":{"rendered":"\n<!--more-->\n\n\n\n<p><strong>Id\u0151pont:      <\/strong>2022. 09.24. szombat <br><strong>Helysz\u00edn:     K\u0150SZEG <\/strong>Bechtold Istv\u00e1n Term\u00e9szetv\u00e9delmi L\u00e1togat\u00f3k\u00f6zpont <\/p>\n\n\n\n<p><strong>Ki\u00e1ll\u00edtj\u00e1k <\/strong>a <a href=\"http:\/\/www.almasibalazs.hu\/?p=2218\" target=\"_blank\" rel=\"noreferrer noopener\" class=\"\">PET g\u00e9mesk\u00fatr\u00f3l<\/a> k\u00e9sz\u00fclt k\u00e9peket <strong>L\u00e9k\u00e1n (Lockenhaus)<\/strong> szeptember 24-\u00e9n. Az \u00cdrottk\u0151 Nat\u00farpark\u00e9rt Egyes\u00fclet szervez\u00e9s\u00e9ben K\u0151szegen, a <em>Puregreen projekt<\/em> NY\u00cdLT NAP-j\u00e1n a <em>\u201eZ\u00f6ld m\u0171v\u00e9szet, z\u00f6ld humor\u201d<\/em> c\u00edm\u0171 eg\u00e9sz napos rendezv\u00e9nyen sok-sok program lesz, \u00e9s onnan indul egy busz az ausztriai ki\u00e1ll\u00edt\u00e1smegnyit\u00f3ra is. <strong>Ha van kedved, csatlakozz!<\/strong><\/p>\n\n\n\n<p><strong>R\u00e9szletes program:<\/strong><\/p>\n\n\n\n<p><strong>10.00<\/strong> Megnyit\u00f3 k\u00f6sz\u00f6nt\u0151\u00a0<br><strong>10.05<\/strong> A Puregreen projekt eredm\u00e9nyeinek bemutat\u00e1sa\u00a0<br><strong>10.35<\/strong> A \u201eZ\u00f6ld m\u0171v\u00e9szet, z\u00f6ld humor\u201d m\u0171v\u00e9szeti p\u00e1ly\u00e1zatra be\u00e9rkezett alkot\u00e1sok ismertet\u00e9se\u00a0<br><strong>11.00<\/strong> K\u00e1v\u00e9sz\u00fcnet (k\u00f6zben az \u00cdrottk\u0151 Nat\u00farpark telep\u00fcl\u00e9seinek \u201ez\u00f6ld dolgai\u201d bemutatkoznak)\u00a0<br><strong>11.10 <\/strong>Lelkes Orsolya Fenntarthat\u00f3 hedonizmus k\u00f6nyvbemutat\u00f3 \u00e9s besz\u00e9lget\u00e9s\u00a0<br><strong>12.00<\/strong> Eb\u00e9d (k\u00f6zben az \u00cdrottk\u0151 Nat\u00farpark telep\u00fcl\u00e9seinek \u201ez\u00f6ld dolgai\u201d bemutatkoznak)\u00a0<br><strong>12.30<\/strong> Lelkes Orsolya Fenntarthat\u00f3 hedonizmus c. k\u00f6nyv dedik\u00e1ci\u00f3\u00a0<br><strong>13.00 <\/strong>A \u201eZ\u00f6ld m\u0171v\u00e9szet, z\u00f6ld humor\u201d m\u0171v\u00e9szeti p\u00e1ly\u00e1zat alkot\u00e1sainak bemutat\u00f3ja (el\u0151ad\u00f3: J\u00e1nosi Ferenc sz\u00ednm\u0171v\u00e9sz)\u00a0<br><strong>14.30<\/strong> Aut\u00f3busz indul L\u00e9k\u00e1ra (<em>Lockenhaus<\/em>), tetsz\u00e9s szerint ker\u00e9kp\u00e1rral is lehets\u00e9ges az utaz\u00e1s\u00a0<br><strong>15.00<\/strong> L\u00e9ka <em>(Lockenhaus, Hauptplatz, Naturpark-B\u00fcro-Geschriebenstein<\/em>) a k\u00e9pz\u0151m\u0171v\u00e9szeti alkot\u00e1sok ki\u00e1ll\u00edt\u00e1s megnyit\u00f3ja. A ki\u00e1ll\u00edt\u00e1st megnyitja:\u00a0<br><em>Michael Kefeder B\u00fcrgermeister, Engelbert Kenyeri Obmann Naturparkverein Rechnitz.<\/em> Kerekasztal besz\u00e9lget\u00e9s a Z\u00f6ld m\u0171v\u00e9szet, z\u00f6ld humor p\u00e1ly\u00e1zat alkot\u00f3ival.\u00a0<br><strong>16.30<\/strong> Az aut\u00f3busz visszaindul K\u0151szegre<\/p>\n\n\n\n<figure class=\"wp-block-image\"><img loading=\"lazy\" decoding=\"async\" width=\"1024\" height=\"548\" src=\"https:\/\/almasibalazs.hu\/wp-content\/uploads\/K\u00e9pkiv\u00e1g\u00e1s-3-1024x548.jpg\" alt=\"\" class=\"wp-image-3754\" srcset=\"https:\/\/almasibalazs.hu\/wp-content\/uploads\/K\u00e9pkiv\u00e1g\u00e1s-3-1024x548.jpg 1024w, https:\/\/almasibalazs.hu\/wp-content\/uploads\/K\u00e9pkiv\u00e1g\u00e1s-3-300x161.jpg 300w, https:\/\/almasibalazs.hu\/wp-content\/uploads\/K\u00e9pkiv\u00e1g\u00e1s-3-768x411.jpg 768w, https:\/\/almasibalazs.hu\/wp-content\/uploads\/K\u00e9pkiv\u00e1g\u00e1s-3.jpg 1524w\" sizes=\"auto, (max-width: 767px) 89vw, (max-width: 1000px) 54vw, (max-width: 1071px) 543px, 580px\" \/><\/figure>\n","protected":false},"excerpt":{"rendered":"","protected":false},"author":1,"featured_media":3755,"comment_status":"open","ping_status":"open","sticky":false,"template":"","format":"standard","meta":{"_monsterinsights_skip_tracking":false,"_monsterinsights_sitenote_active":false,"_monsterinsights_sitenote_note":"","_monsterinsights_sitenote_category":0,"footnotes":""},"categories":[15],"tags":[309,308,306,305,312,307,310,311],"class_list":["post-3753","post","type-post","status-publish","format-standard","has-post-thumbnail","hentry","category-hirek","tag-fenntarthatosag","tag-green","tag-installacio","tag-kiallitas","tag-pet-palack","tag-recycling","tag-viz","tag-vizhiany"],"_links":{"self":[{"href":"https:\/\/almasibalazs.hu\/index.php?rest_route=\/wp\/v2\/posts\/3753","targetHints":{"allow":["GET"]}}],"collection":[{"href":"https:\/\/almasibalazs.hu\/index.php?rest_route=\/wp\/v2\/posts"}],"about":[{"href":"https:\/\/almasibalazs.hu\/index.php?rest_route=\/wp\/v2\/types\/post"}],"author":[{"embeddable":true,"href":"https:\/\/almasibalazs.hu\/index.php?rest_route=\/wp\/v2\/users\/1"}],"replies":[{"embeddable":true,"href":"https:\/\/almasibalazs.hu\/index.php?rest_route=%2Fwp%2Fv2%2Fcomments&post=3753"}],"version-history":[{"count":2,"href":"https:\/\/almasibalazs.hu\/index.php?rest_route=\/wp\/v2\/posts\/3753\/revisions"}],"predecessor-version":[{"id":3759,"href":"https:\/\/almasibalazs.hu\/index.php?rest_route=\/wp\/v2\/posts\/3753\/revisions\/3759"}],"wp:featuredmedia":[{"embeddable":true,"href":"https:\/\/almasibalazs.hu\/index.php?rest_route=\/wp\/v2\/media\/3755"}],"wp:attachment":[{"href":"https:\/\/almasibalazs.hu\/index.php?rest_route=%2Fwp%2Fv2%2Fmedia&parent=3753"}],"wp:term":[{"taxonomy":"category","embeddable":true,"href":"https:\/\/almasibalazs.hu\/index.php?rest_route=%2Fwp%2Fv2%2Fcategories&post=3753"},{"taxonomy":"post_tag","embeddable":true,"href":"https:\/\/almasibalazs.hu\/index.php?rest_route=%2Fwp%2Fv2%2Ftags&post=3753"}],"curies":[{"name":"wp","href":"https:\/\/api.w.org\/{rel}","templated":true}]}}