{"id":3996,"date":"2023-06-05T14:25:42","date_gmt":"2023-06-05T14:25:42","guid":{"rendered":"https:\/\/almasibalazs.hu\/?p=3996"},"modified":"2023-06-20T14:53:10","modified_gmt":"2023-06-20T14:53:10","slug":"emlekmu-palyazat-a-nemzeti-sirkertben","status":"publish","type":"post","link":"https:\/\/almasibalazs.hu\/?p=3996","title":{"rendered":"Eml\u00e9km\u0171 p\u00e1ly\u00e1zat a Nemzeti S\u00edrkertben"},"content":{"rendered":"\n<!--more-->\n\n\n\n<p><strong>Helysz\u00edn<\/strong>:&nbsp; Budapest Nemzeti S\u00edrkert<br><strong>P\u00e1ly\u00e1zat<\/strong>:&nbsp;&nbsp;Hat\u00e1rainkon t\u00fal nyugv\u00f3 magyarok eml\u00e9khelye<br><strong>Ki\u00edr\u00e1s<\/strong>:&nbsp;&nbsp; 2023.<br><strong>Tervez\u0151k:&nbsp;<\/strong>MATE T\u00e1j\u00e9p\u00edt\u00e9szeti, Telep\u00fcl\u00e9stervez\u00e9si \u00e9s D\u00edszkert\u00e9szeti Int\u00e9zet Kert- \u00e9s Szabadt\u00e9rtervez\u00e9si Tansz\u00e9k &#8211; Alm\u00e1si Bal\u00e1zs, Pap Mikl\u00f3s oktat\u00f3k \u00e9s Bokor Rebeka, Dani Eszter, Debreczeni D\u00e1vid Istv\u00e1n, \u00c9bner Dorottya, Ferdinandy Istv\u00e1n G\u00e1sp\u00e1r, Fogarasi D\u00f3ra, Gal\u00e1cs Gergely, G\u00e4rtner \u00c1ron Bence, Holicza Fanni Zita, Kar\u00e1csony Lenke, Sajben Angelika Panna, T\u00fcske \u00c1bris, Vig Vir\u00e1g t\u00e1j\u00e9p\u00edt\u00e9sz \u00e9s kertm\u0171v\u00e9sz hallgat\u00f3k k\u00f6z\u00f6s munk\u00e1ja<\/p>\n\n\n\n<figure class=\"wp-block-gallery has-nested-images columns-default is-cropped wp-block-gallery-1 is-layout-flex wp-block-gallery-is-layout-flex\">\n<figure class=\"wp-block-image size-large\"><img loading=\"lazy\" decoding=\"async\" width=\"1011\" height=\"404\" data-id=\"4000\" src=\"https:\/\/almasibalazs.hu\/wp-content\/uploads\/02.png\" alt=\"\" class=\"wp-image-4000\" srcset=\"https:\/\/almasibalazs.hu\/wp-content\/uploads\/02.png 1011w, https:\/\/almasibalazs.hu\/wp-content\/uploads\/02-300x120.png 300w, https:\/\/almasibalazs.hu\/wp-content\/uploads\/02-768x307.png 768w\" sizes=\"auto, (max-width: 767px) 89vw, (max-width: 1000px) 54vw, (max-width: 1071px) 543px, 580px\" \/><\/figure>\n<\/figure>\n\n\n\n<p>Az eml\u00e9khely a 29\/3-as parcella keleti fel\u00e9n kap he\u00adlyet, elhelyez\u00e9s\u00e9n\u00e9l figyelembe vett\u00fck a s\u00edrok \u00e9s a megl\u00e9v\u0151 f\u00e1k helyzet\u00e9t. Az eml\u00e9km\u0171vet k\u00f6r\u00fclvev\u0151 burkolt fel\u00fclet lehet\u0151v\u00e9 teszi annak k\u00f6r\u00fclj\u00e1r\u00e1s\u00e1t \u00e9s megk\u00f6zel\u00edt\u00e9s\u00e9t is az Arany J\u00e1nos \u00fat \u00e9s a Str\u00f3bl Alajos \u00fat fel\u0151l. Az eml\u00e9km\u0171t\u0151l t\u00e1volabb, egy megl\u00e9v\u0151 szo\u00adliter \u00e1ll\u00e1s\u00fa \u00e9gerfa (Alnus spp.) alatt pihen\u0151 r\u00e9szt ter\u00advezt\u00fcnk a fa k\u00f6r\u00fcl elhelyezett k\u00f6rpaddal.<\/p>\n\n\n\n<figure class=\"wp-block-image size-full\"><img loading=\"lazy\" decoding=\"async\" width=\"945\" height=\"758\" src=\"https:\/\/almasibalazs.hu\/wp-content\/uploads\/01.png\" alt=\"\" class=\"wp-image-4004\" srcset=\"https:\/\/almasibalazs.hu\/wp-content\/uploads\/01.png 945w, https:\/\/almasibalazs.hu\/wp-content\/uploads\/01-300x241.png 300w, https:\/\/almasibalazs.hu\/wp-content\/uploads\/01-768x616.png 768w\" sizes=\"auto, (max-width: 767px) 89vw, (max-width: 1000px) 54vw, (max-width: 1071px) 543px, 580px\" \/><\/figure>\n\n\n\n<p>Terv\u00fcnkben a haza egy alaprajzi \u00e9rtelemben z\u00e1rt k\u00f6r\u00adgy\u0171r\u0171k\u00e9nt jelenik meg, a t\u00e9rben fokozatosan kiemel\u00adked\u0151 l\u00e1tsz\u00f3beton test azonban egy helyen megny\u00edlik \u00e9s utat enged a gy\u0171r\u0171 k\u00f6zep\u00e9be. Ez a K\u00e1rp\u00e1tok hegy\u00adl\u00e1nc\u00e1t id\u00e9z\u0151 forma finoman elhat\u00e1rolja a gy\u0171r\u0171 bel\u00adsej\u00e9t a k\u00f6rnyezet\u00e9t\u0151l, k\u00f6r\u00fcl\u00f6lelve \u00e9s v\u00e9delmezve a bent tart\u00f3zkod\u00f3t. A l\u00e1tsz\u00f3beton prec\u00edz, j\u00f3 min\u0151s\u00e9g\u0171 fel\u00fcletet k\u00e9pez, mely tiszt\u00e1n visszaadja a tervezett form\u00e1t.<\/p>\n\n\n\n<figure class=\"wp-block-image size-large is-resized\"><img loading=\"lazy\" decoding=\"async\" src=\"https:\/\/almasibalazs.hu\/wp-content\/uploads\/01-3-1024x374.jpg\" alt=\"\" class=\"wp-image-4003\" width=\"674\" height=\"246\" srcset=\"https:\/\/almasibalazs.hu\/wp-content\/uploads\/01-3-1024x374.jpg 1024w, https:\/\/almasibalazs.hu\/wp-content\/uploads\/01-3-300x109.jpg 300w, https:\/\/almasibalazs.hu\/wp-content\/uploads\/01-3-768x280.jpg 768w, https:\/\/almasibalazs.hu\/wp-content\/uploads\/01-3-1536x560.jpg 1536w, https:\/\/almasibalazs.hu\/wp-content\/uploads\/01-3-2048x747.jpg 2048w\" sizes=\"auto, (max-width: 674px) 100vw, 674px\" \/><\/figure>\n\n\n\n<p>Az eml\u00e9km\u0171 k\u00fcls\u0151, meredekebb \u00edv\u00e9n az eml\u00e9khely neve \u2013 Hat\u00e1rainkon t\u00fal nyugv\u00f3 magyarok eml\u00e9k\u00e9re \u2013 olvashat\u00f3, m\u00edg a bels\u0151 \u00edven a sz\u00e1mtalan bet\u0171 k\u00f6z\u00fcl Radn\u00f3ti Mikl\u00f3s Nem tudhatom\u2026 c\u00edm\u0171 verse rajzol\u00f3\u00addik ki, felid\u00e9zve a sz\u00fcl\u0151f\u00f6ldh\u00f6z val\u00f3 ragaszkod\u00e1s \u00e9rz\u00e9\u00ads\u00e9t. A v\u00e1gy, hogy abba a f\u00f6ldbe temess\u00e9k el, amelyen sz\u00fcletett, csup\u00e1n rem\u00e9ny marad. A beton eml\u00e9km\u0171 bels\u0151 fel\u00fclet\u00e9n v\u00e9letlenszer\u0171en megjelen\u0151 bet\u0171k so\u00adkas\u00e1g\u00e1b\u00f3l kiolvashat\u00f3 a t\u00f6bb sz\u00e1zezer haz\u00e1j\u00e1t\u00f3l el\u00adszakadt ember monogramja. A k\u00fcls\u0151 \u00edven megjelen\u0151 felirat a parcell\u00e1t k\u00f6r\u00fclvev\u0151 utakr\u00f3l, az \u00e9rkez\u00e9s ir\u00e1\u00adny\u00e1b\u00f3l olvashat\u00f3, m\u00edg a versr\u00e9szlet befogad\u00e1sa csak k\u00f6zelr\u0151l, az eml\u00e9km\u0171 belsej\u00e9b\u0151l lehets\u00e9ges. \u00cdgy v\u00e1\u00adlik az eml\u00e9km\u0171 k\u00f6z\u00e9ps\u0151 r\u00e9sze a szem\u00e9lyes megeml\u00e9\u00adkez\u00e9s ter\u00e9v\u00e9. A megeml\u00e9kez\u00e9s sor\u00e1n lehet\u0151s\u00e9g van m\u00e9csesek elhelyez\u00e9s\u00e9re az eml\u00e9km\u0171 mindk\u00e9t olda\u00adl\u00e1n, f\u00e9ny\u00fckkel m\u00e9g jobban kiemelve a l\u00e1tsz\u00f3beton objektumot \u00e9s a rajta megjelen\u0151 feliratokat.<\/p>\n\n\n\n<figure class=\"wp-block-image size-large\"><img loading=\"lazy\" decoding=\"async\" width=\"1024\" height=\"571\" src=\"https:\/\/almasibalazs.hu\/wp-content\/uploads\/03-2-1024x571.jpg\" alt=\"\" class=\"wp-image-4005\" srcset=\"https:\/\/almasibalazs.hu\/wp-content\/uploads\/03-2-1024x571.jpg 1024w, https:\/\/almasibalazs.hu\/wp-content\/uploads\/03-2-300x167.jpg 300w, https:\/\/almasibalazs.hu\/wp-content\/uploads\/03-2-768x429.jpg 768w, https:\/\/almasibalazs.hu\/wp-content\/uploads\/03-2-1536x857.jpg 1536w, https:\/\/almasibalazs.hu\/wp-content\/uploads\/03-2-2048x1143.jpg 2048w\" sizes=\"auto, (max-width: 767px) 89vw, (max-width: 1000px) 54vw, (max-width: 1071px) 543px, 580px\" \/><\/figure>\n\n\n\n<p>Az eml\u00e9km\u0171vet k\u00f6r\u00fclvev\u0151 kockak\u0151 burkolat sug\u00e1\u00adrir\u00e1nyban fut sz\u00e9t, t\u00f6bb helyen el\u00e9ri a parcell\u00e1t k\u00f6\u00adr\u00fclvev\u0151 utakat, ezzel biztos\u00edtja a burkolt fel\u00fcleten val\u00f3 megk\u00f6zel\u00edt\u00e9st. A nagyobb burkolat rendezv\u00e9\u00adnyek megtart\u00e1s\u00e1ra is lehet\u0151s\u00e9get ny\u00fajt. A kocka\u00adk\u00f6vek, mint egys\u00e9ges alapelemek megmutatj\u00e1k az egy\u00e9nek \u00e9s sokas\u00e1g viszony\u00e1t, a bels\u0151 t\u00e9rben pedig az elv\u00e1ndoroltak \u00e9s haz\u00e1jukt\u00f3l elszakadtak hi\u00e1ny\u00e1t \u00e9rz\u00e9keltetik.<\/p>\n\n\n\n<figure class=\"wp-block-image size-large\"><img loading=\"lazy\" decoding=\"async\" width=\"1024\" height=\"543\" src=\"https:\/\/almasibalazs.hu\/wp-content\/uploads\/06-1024x543.png\" alt=\"\" class=\"wp-image-4007\" srcset=\"https:\/\/almasibalazs.hu\/wp-content\/uploads\/06-1024x543.png 1024w, https:\/\/almasibalazs.hu\/wp-content\/uploads\/06-300x159.png 300w, https:\/\/almasibalazs.hu\/wp-content\/uploads\/06-768x408.png 768w, https:\/\/almasibalazs.hu\/wp-content\/uploads\/06-1536x815.png 1536w, https:\/\/almasibalazs.hu\/wp-content\/uploads\/06.png 1613w\" sizes=\"auto, (max-width: 767px) 89vw, (max-width: 1000px) 54vw, (max-width: 1071px) 543px, 580px\" \/><\/figure>\n\n\n\n<p>Az eml\u00e9km\u0171 gy\u0171r\u0171je nagy teljes\u00edt\u0151k\u00e9pes\u00ads\u00e9g\u0171 (HPC), vil\u00e1gos sz\u00edn\u0171, m\u0171helyben \u00f6nt\u00f6tt betonb\u00f3l k\u00e9sz\u00fcl, \u00f6sszesen 24 darab egyedi elemb\u0151l \u00e1ll. Ez a m\u00e9ret m\u00e9g lehet\u0151v\u00e9 teszi az elemek daru n\u00e9lk\u00fcli mozgat\u00e1s\u00e1t. A bet\u0171k mart fel\u00fcletk\u00e9nt jelennek meg a beton tes\u00adten, a feliratok fekete fest\u00e9st is kapnak. A be\u00adtontest legmagasabb pontja 60 cm-el emel\u00adkedik ki a burkolatt\u00f3l.<\/p>\n\n\n\n<figure class=\"wp-block-image size-large\"><img loading=\"lazy\" decoding=\"async\" width=\"1024\" height=\"397\" src=\"https:\/\/almasibalazs.hu\/wp-content\/uploads\/04-1024x397.png\" alt=\"\" class=\"wp-image-4006\" srcset=\"https:\/\/almasibalazs.hu\/wp-content\/uploads\/04-1024x397.png 1024w, https:\/\/almasibalazs.hu\/wp-content\/uploads\/04-300x116.png 300w, https:\/\/almasibalazs.hu\/wp-content\/uploads\/04-768x298.png 768w, https:\/\/almasibalazs.hu\/wp-content\/uploads\/04.png 1419w\" sizes=\"auto, (max-width: 767px) 89vw, (max-width: 1000px) 54vw, (max-width: 1071px) 543px, 580px\" \/><\/figure>\n\n\n\n<p>Az eml\u00e9km\u0171 k\u00f6r\u00fcl 9&#215;9 cm-es andezit kis\u00adkockak\u0151 burkolat tal\u00e1lhat\u00f3, szeg\u00e9lye rozs\u00addamentes f\u00e9mszeg\u00e9ly. A pihen\u0151 k\u00f6t\u0151anyag n\u00e9lk\u00fcli stabiliz\u00e1lt sz\u00f3rt burkolatot kapott, a kop\u00f3r\u00e9teg finom frakci\u00f3j\u00fa m\u00e9szk\u0151 z\u00fazal\u00e9k, szeg\u00e9lye a kockak\u0151 burkolat\u00e9hoz hasonl\u00f3an rozsdamentes f\u00e9mszeg\u00e9ly. Mindk\u00e9t burkolat j\u00f3 v\u00edz\u00e1tereszt\u0151 k\u00e9pess\u00e9g\u0171. A fa k\u00f6r\u00fcl k\u00f6rpa\u00addot helyezt\u00fcnk el (Sug\u00e1r k\u00f6rpad, Aba-Szer F\u00e9mb\u00fator).<\/p>\n\n\n\n<p>A d\u00e9li, Arany J\u00e1nos \u00fat fel\u0151li megk\u00f6zel\u00edt\u00e9shez inform\u00e1ci\u00f3s t\u00e1bl\u00e1t helyezt\u00fcnk el, amelyben r\u00f6vid \u00f6sszefoglal\u00f3 olvashat\u00f3 az eml\u00e9khely l\u00e9trej\u00f6tt\u00e9nek k\u00f6r\u00fclm\u00e9nyeir\u0151l. Az inform\u00e1ci\u00f3s t\u00e1bla a Fiumei \u00dati S\u00edrkert szabv\u00e1nyos t\u00e1bl\u00e1ja, anyaga rozsdamentes ac\u00e9l. Az eml\u00e9km\u0171 k\u00f6zep\u00e9ben, az elfogy\u00f3 burkolat hely\u00e9re magyar szegf\u0171 (Dianthus pontede\u00adrae) ki\u00fcltet\u00e9st javaslunk.<\/p>\n","protected":false},"excerpt":{"rendered":"","protected":false},"author":1,"featured_media":3998,"comment_status":"open","ping_status":"open","sticky":false,"template":"","format":"standard","meta":{"_monsterinsights_skip_tracking":false,"_monsterinsights_sitenote_active":false,"_monsterinsights_sitenote_note":"","_monsterinsights_sitenote_category":0,"footnotes":""},"categories":[3],"tags":[393,397,399,391],"class_list":["post-3996","post","type-post","status-publish","format-standard","has-post-thumbnail","hentry","category-palyazat","tag-emlekhely","tag-hatarainkon-tul-nyugvo-magyarok-emlekhelye","tag-nemzeti-sirkert","tag-palyazat"],"_links":{"self":[{"href":"https:\/\/almasibalazs.hu\/index.php?rest_route=\/wp\/v2\/posts\/3996","targetHints":{"allow":["GET"]}}],"collection":[{"href":"https:\/\/almasibalazs.hu\/index.php?rest_route=\/wp\/v2\/posts"}],"about":[{"href":"https:\/\/almasibalazs.hu\/index.php?rest_route=\/wp\/v2\/types\/post"}],"author":[{"embeddable":true,"href":"https:\/\/almasibalazs.hu\/index.php?rest_route=\/wp\/v2\/users\/1"}],"replies":[{"embeddable":true,"href":"https:\/\/almasibalazs.hu\/index.php?rest_route=%2Fwp%2Fv2%2Fcomments&post=3996"}],"version-history":[{"count":4,"href":"https:\/\/almasibalazs.hu\/index.php?rest_route=\/wp\/v2\/posts\/3996\/revisions"}],"predecessor-version":[{"id":4014,"href":"https:\/\/almasibalazs.hu\/index.php?rest_route=\/wp\/v2\/posts\/3996\/revisions\/4014"}],"wp:featuredmedia":[{"embeddable":true,"href":"https:\/\/almasibalazs.hu\/index.php?rest_route=\/wp\/v2\/media\/3998"}],"wp:attachment":[{"href":"https:\/\/almasibalazs.hu\/index.php?rest_route=%2Fwp%2Fv2%2Fmedia&parent=3996"}],"wp:term":[{"taxonomy":"category","embeddable":true,"href":"https:\/\/almasibalazs.hu\/index.php?rest_route=%2Fwp%2Fv2%2Fcategories&post=3996"},{"taxonomy":"post_tag","embeddable":true,"href":"https:\/\/almasibalazs.hu\/index.php?rest_route=%2Fwp%2Fv2%2Ftags&post=3996"}],"curies":[{"name":"wp","href":"https:\/\/api.w.org\/{rel}","templated":true}]}}