{"id":4015,"date":"2023-06-05T15:20:21","date_gmt":"2023-06-05T15:20:21","guid":{"rendered":"https:\/\/almasibalazs.hu\/?p=4015"},"modified":"2023-06-20T15:21:09","modified_gmt":"2023-06-20T15:21:09","slug":"monument-competition-in-the-national-graveyard","status":"publish","type":"post","link":"https:\/\/almasibalazs.hu\/?p=4015","title":{"rendered":"Monument competition in the National Graveyard"},"content":{"rendered":"\n<!--more-->\n\n\n\n<p><strong>Location<\/strong>:    Hungarian National Cemetery<br><strong>Topic<\/strong>:    Place of remembrance of Hungarians resting beyond our borders<br><strong>Year<\/strong>:    2023.<br><strong>Designers<\/strong>:    Hungarian University of Agricultural and Life Sciences Institute of Landscape Architecture, Urban Planning and Garden Art Department of Garden and Open Space Design &#8211; the joint work of academics &#8211; Balazs Almasi, Mikl\u00f3s Pap -, landscape architecture and garden art students &#8211; Rebeka Bokor, Eszter Dani, Istv\u00e1n D\u00e1vid Debreczeni, Dorottya \u00c9bner, G\u00e1sp\u00e1r Istv\u00e1n Ferdinandy, D\u00f3ra Fogarasi, Gergely Gal\u00e1cs, Bence \u00c1ron G\u00e4rtner, Zita Fanni Holicza, Lenke Kar\u00e1csony, Panna Angelika Sajben, \u00c1bris T\u00fcske, Vir\u00e1g Vig<\/p>\n\n\n\n<figure class=\"wp-block-image size-full is-resized\"><img loading=\"lazy\" decoding=\"async\" src=\"https:\/\/almasibalazs.hu\/wp-content\/uploads\/02.png\" alt=\"\" class=\"wp-image-4000\" width=\"674\" height=\"269\" srcset=\"https:\/\/almasibalazs.hu\/wp-content\/uploads\/02.png 1011w, https:\/\/almasibalazs.hu\/wp-content\/uploads\/02-300x120.png 300w, https:\/\/almasibalazs.hu\/wp-content\/uploads\/02-768x307.png 768w\" sizes=\"auto, (max-width: 674px) 100vw, 674px\" \/><\/figure>\n\n\n\n<p>The memorial will be located on the eastern part of plot 29\/3, taking into account the position of the graves and existing trees. The paved surface surrounding the memorial will also allow access from Arany J\u00e1nos Road and Str\u00f3bl Alajos Road. A resting area under an existing solitary alder tree (Alnus spp.) with a circular bench around the tree is planned further away from the monument.<\/p>\n\n\n\n<figure class=\"wp-block-image size-full is-resized\"><img loading=\"lazy\" decoding=\"async\" src=\"https:\/\/almasibalazs.hu\/wp-content\/uploads\/01.png\" alt=\"\" class=\"wp-image-4004\" width=\"674\" height=\"540\" srcset=\"https:\/\/almasibalazs.hu\/wp-content\/uploads\/01.png 945w, https:\/\/almasibalazs.hu\/wp-content\/uploads\/01-300x241.png 300w, https:\/\/almasibalazs.hu\/wp-content\/uploads\/01-768x616.png 768w\" sizes=\"auto, (max-width: 674px) 100vw, 674px\" \/><\/figure>\n\n\n\n<p>In our design, the home appears as a closed ring in plan view, but the concrete body, which gradually rises in space, opens up at one point and gives way to the centre of the ring. This shape, reminiscent of the Carpathian mountain range, delicately separates the interior of the ring from its surroundings, enclosing and protecting the visitor. The exposed concrete forms a precise, high-quality surface that clearly reproduces the intended shape.<\/p>\n\n\n\n<figure class=\"wp-block-image size-large is-resized\"><img loading=\"lazy\" decoding=\"async\" src=\"https:\/\/almasibalazs.hu\/wp-content\/uploads\/01-3-1024x374.jpg\" alt=\"\" class=\"wp-image-4003\" width=\"674\" height=\"246\" srcset=\"https:\/\/almasibalazs.hu\/wp-content\/uploads\/01-3-1024x374.jpg 1024w, https:\/\/almasibalazs.hu\/wp-content\/uploads\/01-3-300x109.jpg 300w, https:\/\/almasibalazs.hu\/wp-content\/uploads\/01-3-768x280.jpg 768w, https:\/\/almasibalazs.hu\/wp-content\/uploads\/01-3-1536x560.jpg 1536w, https:\/\/almasibalazs.hu\/wp-content\/uploads\/01-3-2048x747.jpg 2048w\" sizes=\"auto, (max-width: 674px) 100vw, 674px\" \/><\/figure>\n\n\n\n<p>On the steeper outer arch of the memorial, the name of the memorial site &#8211; In Memory of Hungarians Resting Beyond Our Borders &#8211; can be read, while on the inner arch, among the countless letters, the poem by Mikl\u00f3s Radn\u00f3ti entitled I Cannot Know&#8230; stands out, evoking the feeling of attachment to the homeland. The desire to be buried in the land where he was born remains only a hope. The initials of the hundreds of thousands of people who were separated from their homeland can be read in the random letters that appear on the inside of the concrete memorial. The inscription on the outer arch can be read from the roads surrounding the plot, from the direction of arrival, while the poem fragment can only be read from close up, from inside the monument. The central part of the monument thus becomes a space for personal commemoration. During the commemoration, it is possible to place candles on either side of the monument, highlighting the concrete object and the inscriptions on it.<\/p>\n\n\n\n<figure class=\"wp-block-image size-large\"><img loading=\"lazy\" decoding=\"async\" width=\"1024\" height=\"571\" src=\"https:\/\/almasibalazs.hu\/wp-content\/uploads\/03-2-1024x571.jpg\" alt=\"\" class=\"wp-image-4005\" srcset=\"https:\/\/almasibalazs.hu\/wp-content\/uploads\/03-2-1024x571.jpg 1024w, https:\/\/almasibalazs.hu\/wp-content\/uploads\/03-2-300x167.jpg 300w, https:\/\/almasibalazs.hu\/wp-content\/uploads\/03-2-768x429.jpg 768w, https:\/\/almasibalazs.hu\/wp-content\/uploads\/03-2-1536x857.jpg 1536w, https:\/\/almasibalazs.hu\/wp-content\/uploads\/03-2-2048x1143.jpg 2048w\" sizes=\"auto, (max-width: 767px) 89vw, (max-width: 1000px) 54vw, (max-width: 1071px) 543px, 580px\" \/><\/figure>\n\n\n\n<p>The cobbled pavement surrounding the monument runs radially, reaching the roads surrounding the plot in several places, ensuring access over the paved surface. The larger pavement also provides a venue for events. The cobblestones, as a unifying element, show the relationship between individuals and the multitude, and in the interior space, they give a sense of the absence of the displaced and the displaced from their homeland.<\/p>\n\n\n\n<figure class=\"wp-block-image size-large\"><img loading=\"lazy\" decoding=\"async\" width=\"1024\" height=\"543\" src=\"https:\/\/almasibalazs.hu\/wp-content\/uploads\/06-1024x543.png\" alt=\"\" class=\"wp-image-4007\" srcset=\"https:\/\/almasibalazs.hu\/wp-content\/uploads\/06-1024x543.png 1024w, https:\/\/almasibalazs.hu\/wp-content\/uploads\/06-300x159.png 300w, https:\/\/almasibalazs.hu\/wp-content\/uploads\/06-768x408.png 768w, https:\/\/almasibalazs.hu\/wp-content\/uploads\/06-1536x815.png 1536w, https:\/\/almasibalazs.hu\/wp-content\/uploads\/06.png 1613w\" sizes=\"auto, (max-width: 767px) 89vw, (max-width: 1000px) 54vw, (max-width: 1071px) 543px, 580px\" \/><\/figure>\n\n\n\n<p>The memorial ring is made of high performance concrete (HPC), light-coloured, cast in a workshop, and consists of 24 individual elements. This size even allows the elements to be moved without a crane. The letters appear as a marbled surface on the concrete body, and the lettering is also painted black. The highest point of the concrete body rises 60 cm from the pavement.<\/p>\n\n\n\n<figure class=\"wp-block-image size-large\"><img loading=\"lazy\" decoding=\"async\" width=\"1024\" height=\"397\" src=\"https:\/\/almasibalazs.hu\/wp-content\/uploads\/04-1024x397.png\" alt=\"\" class=\"wp-image-4006\" srcset=\"https:\/\/almasibalazs.hu\/wp-content\/uploads\/04-1024x397.png 1024w, https:\/\/almasibalazs.hu\/wp-content\/uploads\/04-300x116.png 300w, https:\/\/almasibalazs.hu\/wp-content\/uploads\/04-768x298.png 768w, https:\/\/almasibalazs.hu\/wp-content\/uploads\/04.png 1419w\" sizes=\"auto, (max-width: 767px) 89vw, (max-width: 1000px) 54vw, (max-width: 1071px) 543px, 580px\" \/><\/figure>\n\n\n\n<p>The monument is surrounded by a 9&#215;9 cm andesite pebble pavement with a stainless steel border. The resting place is covered with a stabilized scattered pavement without binder, the wearing course is fine fraction limestone chippings, the border is stainless steel, similar to the cobble pavement. Both pavements have good water permeability. The wood is surrounded by a circular bench (Radius bench, Aba-Szer Metal Furniture).<\/p>\n\n\n\n<p>At the southern approach from Arany J\u00e1nos road, an information board has been placed with a short summary of the circumstances of the memorial site. The information board is the standard board of the Cemetery on Fiumei \u00fat and is made of stainless steel. We propose to plant Hungarian carnations (Dianthus pontederae) in the centre of the memorial, in place of the worn-out paving.<\/p>\n","protected":false},"excerpt":{"rendered":"","protected":false},"author":1,"featured_media":3998,"comment_status":"open","ping_status":"open","sticky":false,"template":"","format":"standard","meta":{"_monsterinsights_skip_tracking":false,"_monsterinsights_sitenote_active":false,"_monsterinsights_sitenote_note":"","_monsterinsights_sitenote_category":0,"footnotes":""},"categories":[104],"tags":[401,403,300,407,405],"class_list":["post-4015","post","type-post","status-publish","format-standard","has-post-thumbnail","hentry","category-competition","tag-burial-plot","tag-cemetery","tag-competition","tag-lanscape-architecture","tag-monument"],"_links":{"self":[{"href":"https:\/\/almasibalazs.hu\/index.php?rest_route=\/wp\/v2\/posts\/4015","targetHints":{"allow":["GET"]}}],"collection":[{"href":"https:\/\/almasibalazs.hu\/index.php?rest_route=\/wp\/v2\/posts"}],"about":[{"href":"https:\/\/almasibalazs.hu\/index.php?rest_route=\/wp\/v2\/types\/post"}],"author":[{"embeddable":true,"href":"https:\/\/almasibalazs.hu\/index.php?rest_route=\/wp\/v2\/users\/1"}],"replies":[{"embeddable":true,"href":"https:\/\/almasibalazs.hu\/index.php?rest_route=%2Fwp%2Fv2%2Fcomments&post=4015"}],"version-history":[{"count":1,"href":"https:\/\/almasibalazs.hu\/index.php?rest_route=\/wp\/v2\/posts\/4015\/revisions"}],"predecessor-version":[{"id":4016,"href":"https:\/\/almasibalazs.hu\/index.php?rest_route=\/wp\/v2\/posts\/4015\/revisions\/4016"}],"wp:featuredmedia":[{"embeddable":true,"href":"https:\/\/almasibalazs.hu\/index.php?rest_route=\/wp\/v2\/media\/3998"}],"wp:attachment":[{"href":"https:\/\/almasibalazs.hu\/index.php?rest_route=%2Fwp%2Fv2%2Fmedia&parent=4015"}],"wp:term":[{"taxonomy":"category","embeddable":true,"href":"https:\/\/almasibalazs.hu\/index.php?rest_route=%2Fwp%2Fv2%2Fcategories&post=4015"},{"taxonomy":"post_tag","embeddable":true,"href":"https:\/\/almasibalazs.hu\/index.php?rest_route=%2Fwp%2Fv2%2Ftags&post=4015"}],"curies":[{"name":"wp","href":"https:\/\/api.w.org\/{rel}","templated":true}]}}