{"id":4033,"date":"2023-09-25T21:23:12","date_gmt":"2023-09-25T21:23:12","guid":{"rendered":"https:\/\/almasibalazs.hu\/?p=4033"},"modified":"2023-09-25T21:23:12","modified_gmt":"2023-09-25T21:23:12","slug":"az-epiteszforum-utan-a-regi-uj-magyar-epitomuveszetben-is-megjelent-a-kertunk","status":"publish","type":"post","link":"https:\/\/almasibalazs.hu\/?p=4033","title":{"rendered":"Az \u00c9p\u00edt\u00e9szf\u00f3rum ut\u00e1n, a R\u00e9gi-\u00faj Magyar \u00c9p\u00edt\u0151m\u0171v\u00e9szetben is megjelent a kert\u00fcnk"},"content":{"rendered":"\n<!--more-->\n\n\n\n<p>\u00d3ri\u00e1si er\u0151t ad nyomtat\u00e1sban l\u00e1tni az \u00e1ltalunk tervezett kertet. Pl\u00e1ne, ha az egy cs\u00facs \u00e9p\u00edt\u0151m\u0171v\u00e9szeti foly\u00f3iratban jelenik meg, csupa neves \u00e9p\u00edt\u00e9sz h\u00e1za k\u00f6z\u00f6tt egyetlen &#8222;nem-h\u00e1zk\u00e9nt&#8221;. T\u00e1j\u00e9p\u00edt\u00e9szk\u00e9nt, ez a h\u00e1l\u00e1s &#8222;feh\u00e9r holl\u00f3s\u00e1g&#8221;, m\u00e1r a kor\u00e1bbi \u00c9p\u00edt\u00e9szf\u00f3rumos megjelen\u00e9sen is r\u00e1nk telepedett.  <\/p>\n\n\n\n<figure class=\"wp-block-image size-large is-resized\"><img loading=\"lazy\" decoding=\"async\" src=\"https:\/\/almasibalazs.hu\/wp-content\/uploads\/IMG_0502-576x768.jpg\" alt=\"\" class=\"wp-image-4039\" style=\"width:602px;height:803px\" width=\"602\" height=\"803\" srcset=\"https:\/\/almasibalazs.hu\/wp-content\/uploads\/IMG_0502-576x768.jpg 576w, https:\/\/almasibalazs.hu\/wp-content\/uploads\/IMG_0502-225x300.jpg 225w, https:\/\/almasibalazs.hu\/wp-content\/uploads\/IMG_0502-768x1024.jpg 768w, https:\/\/almasibalazs.hu\/wp-content\/uploads\/IMG_0502.jpg 1024w\" sizes=\"auto, (max-width: 602px) 100vw, 602px\" \/><\/figure>\n\n\n\n<p>A mostani 2023-as negyedik sz\u00e1m a &#8222;t\u00fal\u00e9l\u00e9si koncepci\u00f3k&#8221; t\u00e9m\u00e1ja k\u00f6r\u00e9 szervez\u0151dik, s k\u00f6rbej\u00e1rja a fenntarthat\u00f3s\u00e1g k\u00e9rd\u00e9seit. G\u00f6tz Eszter cikke az \u00c9letst\u00edlus alfejezetben kapott helyet.<\/p>\n\n\n\n<figure class=\"wp-block-image size-large\"><img loading=\"lazy\" decoding=\"async\" width=\"603\" height=\"768\" src=\"https:\/\/almasibalazs.hu\/wp-content\/uploads\/IMG_0512-603x768.jpg\" alt=\"\" class=\"wp-image-4038\" srcset=\"https:\/\/almasibalazs.hu\/wp-content\/uploads\/IMG_0512-603x768.jpg 603w, https:\/\/almasibalazs.hu\/wp-content\/uploads\/IMG_0512-235x300.jpg 235w, https:\/\/almasibalazs.hu\/wp-content\/uploads\/IMG_0512-768x979.jpg 768w, https:\/\/almasibalazs.hu\/wp-content\/uploads\/IMG_0512.jpg 1024w\" sizes=\"auto, (max-width: 603px) 100vw, 603px\" \/><\/figure>\n\n\n\n<figure class=\"wp-block-image size-full\"><img loading=\"lazy\" decoding=\"async\" width=\"1024\" height=\"719\" src=\"https:\/\/almasibalazs.hu\/wp-content\/uploads\/IMG_0485-1.jpg\" alt=\"\" class=\"wp-image-4036\" srcset=\"https:\/\/almasibalazs.hu\/wp-content\/uploads\/IMG_0485-1.jpg 1024w, https:\/\/almasibalazs.hu\/wp-content\/uploads\/IMG_0485-1-300x211.jpg 300w, https:\/\/almasibalazs.hu\/wp-content\/uploads\/IMG_0485-1-768x539.jpg 768w\" sizes=\"auto, (max-width: 767px) 89vw, (max-width: 1000px) 54vw, (max-width: 1071px) 543px, 580px\" \/><\/figure>\n","protected":false},"excerpt":{"rendered":"","protected":false},"author":1,"featured_media":3878,"comment_status":"open","ping_status":"open","sticky":false,"template":"","format":"standard","meta":{"_monsterinsights_skip_tracking":false,"_monsterinsights_sitenote_active":false,"_monsterinsights_sitenote_note":"","_monsterinsights_sitenote_category":0,"footnotes":""},"categories":[15],"tags":[350,448,331,441,352,439,446,443],"class_list":["post-4033","post","type-post","status-publish","format-standard","has-post-thumbnail","hentry","category-hirek","tag-csaladi-haz-kert","tag-epiteszeti-folyoirat","tag-ev-kertje","tag-folyoirat","tag-kerttervezes","tag-megjelenes","tag-publikacio","tag-regi-uj-magyar-epitomuveszet"],"_links":{"self":[{"href":"https:\/\/almasibalazs.hu\/index.php?rest_route=\/wp\/v2\/posts\/4033","targetHints":{"allow":["GET"]}}],"collection":[{"href":"https:\/\/almasibalazs.hu\/index.php?rest_route=\/wp\/v2\/posts"}],"about":[{"href":"https:\/\/almasibalazs.hu\/index.php?rest_route=\/wp\/v2\/types\/post"}],"author":[{"embeddable":true,"href":"https:\/\/almasibalazs.hu\/index.php?rest_route=\/wp\/v2\/users\/1"}],"replies":[{"embeddable":true,"href":"https:\/\/almasibalazs.hu\/index.php?rest_route=%2Fwp%2Fv2%2Fcomments&post=4033"}],"version-history":[{"count":2,"href":"https:\/\/almasibalazs.hu\/index.php?rest_route=\/wp\/v2\/posts\/4033\/revisions"}],"predecessor-version":[{"id":4042,"href":"https:\/\/almasibalazs.hu\/index.php?rest_route=\/wp\/v2\/posts\/4033\/revisions\/4042"}],"wp:featuredmedia":[{"embeddable":true,"href":"https:\/\/almasibalazs.hu\/index.php?rest_route=\/wp\/v2\/media\/3878"}],"wp:attachment":[{"href":"https:\/\/almasibalazs.hu\/index.php?rest_route=%2Fwp%2Fv2%2Fmedia&parent=4033"}],"wp:term":[{"taxonomy":"category","embeddable":true,"href":"https:\/\/almasibalazs.hu\/index.php?rest_route=%2Fwp%2Fv2%2Fcategories&post=4033"},{"taxonomy":"post_tag","embeddable":true,"href":"https:\/\/almasibalazs.hu\/index.php?rest_route=%2Fwp%2Fv2%2Ftags&post=4033"}],"curies":[{"name":"wp","href":"https:\/\/api.w.org\/{rel}","templated":true}]}}