{"id":4073,"date":"2023-11-30T19:53:00","date_gmt":"2023-11-30T19:53:00","guid":{"rendered":"https:\/\/almasibalazs.hu\/?p=4073"},"modified":"2023-12-03T19:04:11","modified_gmt":"2023-12-03T19:04:11","slug":"elnyertuk-a-tajepiteszeti-nivodijat-kertunkkel","status":"publish","type":"post","link":"https:\/\/almasibalazs.hu\/?p=4073","title":{"rendered":"Kedvenc kert\u00fcnk elnyerte a T\u00e1j\u00e9p\u00edt\u00e9szeti N\u00edv\u00f3d\u00edjat"},"content":{"rendered":"\n<!--more-->\n\n\n\n<figure class=\"wp-block-image size-large\"><img loading=\"lazy\" decoding=\"async\" width=\"1024\" height=\"684\" src=\"https:\/\/almasibalazs.hu\/wp-content\/uploads\/TN-2023_Dijkioszto-016-1024x684.jpg\" alt=\"\" class=\"wp-image-4081\" srcset=\"https:\/\/almasibalazs.hu\/wp-content\/uploads\/TN-2023_Dijkioszto-016-1024x684.jpg 1024w, https:\/\/almasibalazs.hu\/wp-content\/uploads\/TN-2023_Dijkioszto-016-300x200.jpg 300w, https:\/\/almasibalazs.hu\/wp-content\/uploads\/TN-2023_Dijkioszto-016-768x513.jpg 768w, https:\/\/almasibalazs.hu\/wp-content\/uploads\/TN-2023_Dijkioszto-016-1536x1025.jpg 1536w, https:\/\/almasibalazs.hu\/wp-content\/uploads\/TN-2023_Dijkioszto-016-2048x1367.jpg 2048w\" sizes=\"auto, (max-width: 767px) 89vw, (max-width: 1000px) 54vw, (max-width: 1071px) 543px, 580px\" \/><\/figure>\n\n\n\n<p><strong>Okt\u00f3ber 30-\u00e1n<\/strong> nagy \u00e9rdekl\u0151d\u00e9s mellett zajlott a 2023-as <strong>T\u00e1j\u00e9p\u00edt\u00e9szeti N\u00edv\u00f3d\u00edj<\/strong> Ki\u00e1ll\u00edt\u00e1s \u00e9s <strong>G\u00e1la<\/strong>, ahol jelent\u0151s szakmai n\u00e9z\u0151sereg jelenl\u00e9t\u00e9ben osztott\u00e1k ki, az elm\u00falt k\u00e9t esztend\u0151 legjobbnak \u00edt\u00e9lt t\u00e1j\u00e9p\u00edt\u00e9szeti projektjeinek n\u00edv\u00f3d\u00edjait. Rendk\u00edv\u00fcl boldogok vagyunk, ugyanis <strong><a href=\"https:\/\/almasibalazs.hu\/?p=3861\" target=\"_blank\" rel=\"noreferrer noopener\">az \u00e9v kertje f\u0151d\u00edjas munk\u00e1nk<\/a><\/strong>, kateg\u00f3ria gy\u0151ztesk\u00e9nt <strong>elnyerte a 2023-as \u00e9v T\u00e1j\u00e9p\u00edt\u00e9szeti N\u00edv\u00f3d\u00edj\u00e1t<\/strong>. K\u00fcl\u00f6n k\u00f6sz\u00f6net Szurovecz Roland kert\u00e9p\u00edt\u0151 koll\u00e9g\u00e1mnak, akivel egy\u00fctt \u00f6r\u00fclt\u00fcnk a k\u00f6z\u00f6s szakmai sikernek.<\/p>\n\n\n\n<figure class=\"wp-block-image size-large\"><img loading=\"lazy\" decoding=\"async\" width=\"535\" height=\"768\" src=\"https:\/\/almasibalazs.hu\/wp-content\/uploads\/TN-2023_Dijkioszto-050-535x768.jpg\" alt=\"\" class=\"wp-image-4083\" srcset=\"https:\/\/almasibalazs.hu\/wp-content\/uploads\/TN-2023_Dijkioszto-050-535x768.jpg 535w, https:\/\/almasibalazs.hu\/wp-content\/uploads\/TN-2023_Dijkioszto-050-209x300.jpg 209w, https:\/\/almasibalazs.hu\/wp-content\/uploads\/TN-2023_Dijkioszto-050-768x1102.jpg 768w, https:\/\/almasibalazs.hu\/wp-content\/uploads\/TN-2023_Dijkioszto-050-1070x1536.jpg 1070w, https:\/\/almasibalazs.hu\/wp-content\/uploads\/TN-2023_Dijkioszto-050.jpg 1335w\" sizes=\"auto, (max-width: 535px) 100vw, 535px\" \/><\/figure>\n\n\n\n<figure class=\"wp-block-image size-large\"><img loading=\"lazy\" decoding=\"async\" width=\"780\" height=\"768\" src=\"https:\/\/almasibalazs.hu\/wp-content\/uploads\/IMG_0741_B-780x768.jpg\" alt=\"\" class=\"wp-image-4076\" srcset=\"https:\/\/almasibalazs.hu\/wp-content\/uploads\/IMG_0741_B-780x768.jpg 780w, https:\/\/almasibalazs.hu\/wp-content\/uploads\/IMG_0741_B-300x295.jpg 300w, https:\/\/almasibalazs.hu\/wp-content\/uploads\/IMG_0741_B-768x756.jpg 768w, https:\/\/almasibalazs.hu\/wp-content\/uploads\/IMG_0741_B-1536x1512.jpg 1536w, https:\/\/almasibalazs.hu\/wp-content\/uploads\/IMG_0741_B-2048x2016.jpg 2048w\" sizes=\"auto, (max-width: 767px) 89vw, (max-width: 1000px) 54vw, (max-width: 1071px) 543px, 580px\" \/><figcaption class=\"wp-element-caption\">A Viaplant \u00e1ltal k\u00e9sz\u00edtett gy\u00f6ny\u00f6r\u0171 oklev\u00e9l<\/figcaption><\/figure>\n\n\n\n<p>K\u00f6sz\u00f6net a t\u00e1mogat\u00f3knak, szakmai partnereknek \u00e9s minden seg\u00edt\u0151nek: <a href=\"https:\/\/tajepiteszek.hu\/esemeny\/gala-tajepiteszeti-nivodij-2023\/220?fbclid=IwAR1rGK2h3GrZt0NXFPHy4L_35gZhnNXKresBbCmG_6WFikX8PuuVGwS6qWk\" rel=\"noreferrer noopener\" target=\"_blank\">https:\/\/tajepiteszek.hu\/&#8230;\/gala-tajepiteszeti&#8230;\/220<\/a><\/p>\n\n\n\n<figure class=\"wp-block-image size-large\"><img loading=\"lazy\" decoding=\"async\" width=\"1024\" height=\"672\" src=\"https:\/\/almasibalazs.hu\/wp-content\/uploads\/TN-2023_Fotofal-047-1024x672.jpg\" alt=\"\" class=\"wp-image-4077\" srcset=\"https:\/\/almasibalazs.hu\/wp-content\/uploads\/TN-2023_Fotofal-047-1024x672.jpg 1024w, https:\/\/almasibalazs.hu\/wp-content\/uploads\/TN-2023_Fotofal-047-300x197.jpg 300w, https:\/\/almasibalazs.hu\/wp-content\/uploads\/TN-2023_Fotofal-047-768x504.jpg 768w, https:\/\/almasibalazs.hu\/wp-content\/uploads\/TN-2023_Fotofal-047-1536x1008.jpg 1536w, https:\/\/almasibalazs.hu\/wp-content\/uploads\/TN-2023_Fotofal-047-2048x1343.jpg 2048w\" sizes=\"auto, (max-width: 767px) 89vw, (max-width: 1000px) 54vw, (max-width: 1071px) 543px, 580px\" \/><figcaption class=\"wp-element-caption\">K\u00f6z\u00f6s fot\u00f3 a kateg\u00f3ria f\u0151 szponzor\u00e1val<\/figcaption><\/figure>\n\n\n\n<p>A d\u00edjazottak, TN 2023: kateg\u00f3ri\u00e1k, nyertes t\u00e1j\u00e9p\u00edt\u00e9szek, d\u00edjazott munk\u00e1juk, kateg\u00f3ria szponzora<\/p>\n\n\n\n<p><strong>1. Kism\u00e9ret\u0171 Speci\u00e1lis kert\u00e9p\u00edt\u00e9szeti projekt:<\/strong><\/p>\n\n\n\n<p>Csuka Veronika (Magnolia Art Kert\u00e9p\u00edt\u0151 Kft.)<br><em>A zalakarosi fenntarthat\u00f3 v\u00e1rosi csapad\u00e9kv\u00edz-kezel\u0151 rendszere<\/em><br>kateg\u00f3ria szponzora: VPI<\/p>\n\n\n\n<p><strong><mark style=\"background-color:rgba(0, 0, 0, 0)\" class=\"has-inline-color has-vivid-red-color\">2. Mag\u00e1n-, \u00e9s t\u00e1rsash\u00e1zi kertek, lak\u00f3parkok kateg\u00f3ri\u00e1ban<\/mark><\/strong><\/p>\n\n\n\n<p><strong>Alm\u00e1si Bal\u00e1zs, Szurovecz Roland<br><\/strong><em>\u00c9vel\u0151kert a szikl\u00e1s b\u00e9rcen<\/em><strong><br><\/strong>kateg\u00f3ria szponzora: Profi Partner 2003. Kft.<\/p>\n\n\n\n<figure class=\"wp-block-image size-large\"><img loading=\"lazy\" decoding=\"async\" width=\"1024\" height=\"768\" src=\"https:\/\/almasibalazs.hu\/wp-content\/uploads\/IMG_0782-1024x768.jpg\" alt=\"\" class=\"wp-image-4080\" srcset=\"https:\/\/almasibalazs.hu\/wp-content\/uploads\/IMG_0782-1024x768.jpg 1024w, https:\/\/almasibalazs.hu\/wp-content\/uploads\/IMG_0782-300x225.jpg 300w, https:\/\/almasibalazs.hu\/wp-content\/uploads\/IMG_0782-768x576.jpg 768w, https:\/\/almasibalazs.hu\/wp-content\/uploads\/IMG_0782-1536x1152.jpg 1536w, https:\/\/almasibalazs.hu\/wp-content\/uploads\/IMG_0782-2048x1536.jpg 2048w\" sizes=\"auto, (max-width: 767px) 89vw, (max-width: 1000px) 54vw, (max-width: 1071px) 543px, 580px\" \/><figcaption class=\"wp-element-caption\">A VPI \u00e1ltal kivitelezett gy\u00f6ny\u00f6r\u0171 d\u00edj fel\u00fclr\u0151l&#8230;<\/figcaption><\/figure>\n\n\n\n<p><strong>3. J\u00e1tsz\u00f3terek, sportp\u00e1ly\u00e1k<\/strong><\/p>\n\n\n\n<p>Cseh No\u00e9mi, N\u00e9meth Nikolett, Kov\u00e1cs \u00c1rp\u00e1d, Szohr G\u00e1bor (\u00dajir\u00e1ny T\u00e1j\u00e9p\u00edt\u00e9sz Kft.)<br><em>Gy\u00f6ngy\u00f6si s\u00e9t\u00e1ny \u2013 j\u00e1tsz\u00f3t\u00e9r meg\u00faj\u00edt\u00e1sa<\/em><br>kateg\u00f3ria szponzora: Eticon Kft.<\/p>\n\n\n\n<p><strong>4. Iparter\u00fcleti, iroda k\u00f6rnyezeti, int\u00e9zm\u00e9nyi kertek<\/strong><\/p>\n\n\n\n<p>Gy\u00fcre Borb\u00e1la, L\u00e1d Gergely, K\u00e1ntor-Turi Emese (Geum M\u0171terem Kft.) valamint Szentkir\u00e1lyi-T\u00f3th Ferenc<br><em>OTP Bank &#8211; M12 irodah\u00e1z<\/em><br>kateg\u00f3ria szponzora: Green Tech Concept Kft.<\/p>\n\n\n\n<figure class=\"wp-block-image size-large\"><img loading=\"lazy\" decoding=\"async\" width=\"683\" height=\"768\" src=\"https:\/\/almasibalazs.hu\/wp-content\/uploads\/TN-2023_Dijkioszto-052_B-683x768.jpg\" alt=\"\" class=\"wp-image-4079\" srcset=\"https:\/\/almasibalazs.hu\/wp-content\/uploads\/TN-2023_Dijkioszto-052_B-683x768.jpg 683w, https:\/\/almasibalazs.hu\/wp-content\/uploads\/TN-2023_Dijkioszto-052_B-267x300.jpg 267w, https:\/\/almasibalazs.hu\/wp-content\/uploads\/TN-2023_Dijkioszto-052_B-768x864.jpg 768w, https:\/\/almasibalazs.hu\/wp-content\/uploads\/TN-2023_Dijkioszto-052_B-1366x1536.jpg 1366w, https:\/\/almasibalazs.hu\/wp-content\/uploads\/TN-2023_Dijkioszto-052_B.jpg 1778w\" sizes=\"auto, (max-width: 683px) 100vw, 683px\" \/><\/figure>\n\n\n\n<p><strong>5. Turizmus, vend\u00e9gl\u00e1t\u00e1s kert\u00e9p\u00edt\u00e9szeti projektjei<\/strong><\/p>\n\n\n\n<p>Korz\u00f3 Tervez\u00e9si St\u00fadi\u00f3 Kft.<br><em>Tata Malom-kert<\/em><br>kateg\u00f3ria szponzora: Magyar Turisztikai \u00dcgyn\u00f6ks\u00e9g<\/p>\n\n\n\n<p><strong>6. V\u00e1rosi parkok, k\u00f6zkertek<\/strong><\/p>\n\n\n\n<p>Szalkai Adrienne, Herr Hajnalka, Barcsay Gerg\u0151, S\u00e1pi Emese, Vid\u00e1k Beatrix, Bir\u00f3 Borb\u00e1la,<br>Golovanova Bea, M\u00e1t\u00e9 Andr\u00e1s, Kruppa G\u00e1bor<br><em>P\u00fcnk\u00f6sdf\u00fcrd\u0151 park<\/em><br>kateg\u00f3ria szponzora: Ganz HYDRO Kft.<\/p>\n\n\n\n<p><strong>7. K\u00f6zterek, s\u00e9t\u00e1l\u00f3utc\u00e1k, s\u00e9t\u00e1nyok<\/strong><\/p>\n\n\n\n<p>Steffler Istv\u00e1n, Szloszj\u00e1r Gy\u00f6rgy, B\u0151hm G\u00e1bor, P\u00e1lffy D\u00f3ra (Garten Studio Kft.)<br><em>Bak\u00e1ts t\u00e9r \u00e9s csatlakoz\u00f3 utc\u00e1k felsz\u00edni rendez\u00e9se<\/em><br>kateg\u00f3ria szponzora: MMcit\u00e9 hu Kft<\/p>\n\n\n\n<figure class=\"wp-block-image size-large\"><img loading=\"lazy\" decoding=\"async\" width=\"775\" height=\"768\" src=\"https:\/\/almasibalazs.hu\/wp-content\/uploads\/TN-2023_Dijkioszto-044_B-775x768.jpg\" alt=\"\" class=\"wp-image-4082\" srcset=\"https:\/\/almasibalazs.hu\/wp-content\/uploads\/TN-2023_Dijkioszto-044_B-775x768.jpg 775w, https:\/\/almasibalazs.hu\/wp-content\/uploads\/TN-2023_Dijkioszto-044_B-300x297.jpg 300w, https:\/\/almasibalazs.hu\/wp-content\/uploads\/TN-2023_Dijkioszto-044_B-150x150.jpg 150w, https:\/\/almasibalazs.hu\/wp-content\/uploads\/TN-2023_Dijkioszto-044_B-768x761.jpg 768w, https:\/\/almasibalazs.hu\/wp-content\/uploads\/TN-2023_Dijkioszto-044_B-1536x1522.jpg 1536w, https:\/\/almasibalazs.hu\/wp-content\/uploads\/TN-2023_Dijkioszto-044_B-100x100.jpg 100w, https:\/\/almasibalazs.hu\/wp-content\/uploads\/TN-2023_Dijkioszto-044_B.jpg 2018w\" sizes=\"auto, (max-width: 767px) 89vw, (max-width: 1000px) 54vw, (max-width: 1071px) 543px, 580px\" \/><\/figure>\n\n\n\n<p><strong>8. \u00d6r\u00f6ks\u00e9gv\u00e9delmi projektek, t\u00f6rt\u00e9neti kertek<\/strong><\/p>\n\n\n\n<p>Steffler Istv\u00e1n, Szloszj\u00e1r Gy\u00f6rgy, B\u00f6hm G\u00e1bor, P\u00e1lffy D\u00f3ra (Garten Studio Kft.) valamint Liziczai S\u00e1ndor, Pottyondy Fl\u00f3ra (Park St\u00fadi\u00f3 Kft.)<br><em>A Csend Kolostora, a Kamalduli remetes\u00e9g m\u0171eml\u00e9ki rekonstrukci\u00f3ja<\/em><br>kateg\u00f3ria szponzora: Viastein Kft.<\/p>\n\n\n\n<p><strong>9. Nagy l\u00e9pt\u00e9k\u0171, elm\u00e9leti munk\u00e1k<\/strong><\/p>\n\n\n\n<p>T\u00e9mavezet\u0151: Dr. Konkoly-Gyur\u00f3 \u00c9va (t\u00e1j\u00e9p\u00edt\u00e9sz) (T\u00e1jm\u0171hely Kft.), Agr\u00e1rminiszt\u00e9rium (konzorciumvezet\u0151): Kincses Krisztina (t\u00e1j\u00e9p\u00edt\u00e9sz), P\u00e1d\u00e1rn\u00e9 Dr. T\u00f6r\u00f6k \u00c9va (t\u00e1j\u00e9p\u00edt\u00e9sz), \u00d3hegyi Erzs\u00e9bet (term\u00e9szetv\u00e9delmi m\u00e9rn\u00f6k), Tar Gyula (geogr\u00e1fus), Lechner Tud\u00e1sk\u00f6zpont Nonprofit Korl\u00e1tolt Felel\u0151ss\u00e9g\u0171 T\u00e1rsas\u00e1g: Cs\u0151szi M\u00f3nika (t\u00e1j\u00e9p\u00edt\u00e9sz), B\u00e1nhidai Andr\u00e1s (t\u00e1j\u00e9p\u00edt\u00e9sz) , Hamar J\u00f3zsef (t\u00e1j\u00e9p\u00edt\u00e9sz), J\u00e1ger Katalin (t\u00e1j\u00e9p\u00edt\u00e9sz), Pap-Szuromi Orsolya (geogr\u00e1fus), Schneller Kriszti\u00e1n (k\u00f6rnyezetgazd\u00e1lkod\u00e1si agr\u00e1rm\u00e9rn\u00f6k, t\u00e9rinformatikai szakm\u00e9rn\u00f6k), Teleki M\u00f3nika (t\u00e1j\u00e9p\u00edt\u00e9sz), Vasz\u00f3csik Vilja (t\u00e1j\u00e9p\u00edt\u00e9sz), D\u00f3sa Henrietta (t\u00e1j\u00e9p\u00edt\u00e9sz), G\u00f6ncz Annam\u00e1ria (t\u00e1j\u00e9p\u00edt\u00e9sz), Jaschitzn\u00e9 Cserni T\u00edmea (geogr\u00e1fus), Kiss D\u00e1niel (geogr\u00e1fus), Dr. Lehoczki R\u00f3bert (t\u00e9rinformatikai szak\u00e9rt\u0151), Pataki R\u00f3bert (t\u00e9rinformatikai szak\u00e9rt\u0151), Dr. Petrik Ott\u00f3 (t\u00e9rinformatikai szak\u00e9rt\u0151), Sain M\u00e1ty\u00e1s (t\u00e1j\u00e9p\u00edt\u00e9sz), S\u00e1rdi Anna (\u00e9p\u00edt\u00e9sz), T\u00e1jm\u0171hely Kft.: Bal\u00e1zs P\u00e1l (k\u00f6rnyezetm\u00e9rn\u00f6k), Tir\u00e1szi \u00c1gnes (k\u00f6rnyezetm\u00e9rn\u00f6k), Meridi\u00e1n Alap\u00edtv\u00e1ny: Dr. Csorba P\u00e9ter (geogr\u00e1fus), Turi Zolt\u00e1n (geogr\u00e1fus) (Meridi\u00e1n), Tov\u00e1bbi szak\u00e9rt\u0151k: Dr. Gr\u00f3n\u00e1s Viktor (k\u00f6rnyezetgazd\u00e1lkod\u00e1si agr\u00e1rm\u00e9rn\u00f6k), Dr. Podmaniczky L\u00e1szl\u00f3 (k\u00f6rnyezetgazd\u00e1lkod\u00e1si agr\u00e1rm\u00e9rn\u00f6k) , T\u00f3th P\u00e9ter (k\u00f6rnyezetgazd\u00e1lkod\u00e1si agr\u00e1rm\u00e9rn\u00f6k)<br><em>T\u00e1jkarakter kutat\u00e1s<\/em><br>kateg\u00f3ria t\u00e1mogat\u00f3ja: Wienerberger Zrt. a Semmelrock gy\u00e1rt\u00f3ja<\/p>\n\n\n\n<p><strong>10. Oktat\u00f3i, tudom\u00e1nyos, kutat\u00f3i munk\u00e1k<\/strong><\/p>\n\n\n\n<p>Epl\u00e9nyi Anna, Terbe Rita, Seloua Benkaid Kasbah<br>Domborzat-Szobr\u00e1szat c\u00edm\u0171 oktat\u00e1si k\u00f6nyv<br>kateg\u00f3ria szponzora: Market \u00c9p\u00edt\u0151 Zrt.<\/p>\n\n\n\n<figure class=\"wp-block-image size-large\"><img loading=\"lazy\" decoding=\"async\" width=\"547\" height=\"768\" src=\"https:\/\/almasibalazs.hu\/wp-content\/uploads\/TN-2023_Dijkioszto-048-547x768.jpg\" alt=\"\" class=\"wp-image-4075\" srcset=\"https:\/\/almasibalazs.hu\/wp-content\/uploads\/TN-2023_Dijkioszto-048-547x768.jpg 547w, https:\/\/almasibalazs.hu\/wp-content\/uploads\/TN-2023_Dijkioszto-048-214x300.jpg 214w, https:\/\/almasibalazs.hu\/wp-content\/uploads\/TN-2023_Dijkioszto-048-768x1078.jpg 768w, https:\/\/almasibalazs.hu\/wp-content\/uploads\/TN-2023_Dijkioszto-048-1094x1536.jpg 1094w, https:\/\/almasibalazs.hu\/wp-content\/uploads\/TN-2023_Dijkioszto-048.jpg 1335w\" sizes=\"auto, (max-width: 547px) 100vw, 547px\" \/><\/figure>\n\n\n\n<p><strong>K\u00fcl\u00f6nd\u00edj 1.<\/strong><\/p>\n\n\n\n<p>Szak\u00e1cs Barnab\u00e1s, Kozma Ildik\u00f3 J\u00falia, M\u00e4rtz-Podol\u00e1k Zs\u00f3fia, S\u00f3gor Gabriella, Sr\u00e9ter Szilvia, (L\u00e9pt\u00e9k-Terv T\u00e1j\u00e9p\u00edt\u00e9sz Iroda), Husz\u00e1r Andr\u00e1s, R\u00e1day D\u00e1vid, T\u00f3th Kriszti\u00e1n, Szelecs\u00e9nyi Bal\u00e1zs, Gerges M\u00e1t\u00e9, Odry Szilvia, Kap\u00e1s Enik\u0151, Pongor L\u00e1szl\u00f3 (HELLO WOOD Zrt.)<br><em>Gy\u00e1rKert Kult\u00farPark \u00e9s K\u00f6z\u00f6ss\u00e9gek Kertje<\/em><br>k\u00fcl\u00f6nd\u00edj szponzora: Everling Kft.<\/p>\n\n\n\n<p><strong>K\u00fcl\u00f6nd\u00edj 2.<\/strong><\/p>\n\n\n\n<p>T\u00f3th Eszter, Tur\u00e1nyi Bal\u00e1zs, Menyh\u00e1rt Viktor<br><em>Dunakeszi szabadstrand<\/em><br>k\u00fcl\u00f6nd\u00edj szponzora: Everling Kft.<\/p>\n\n\n\n<p>Esem\u00e9nyfot\u00f3k: De\u00e1k Szabolcs<br>D\u00edj fot\u00f3k: Alm\u00e1si Bal\u00e1zs<\/p>\n","protected":false},"excerpt":{"rendered":"","protected":false},"author":1,"featured_media":4074,"comment_status":"open","ping_status":"open","sticky":false,"template":"","format":"standard","meta":{"_monsterinsights_skip_tracking":false,"_monsterinsights_sitenote_active":false,"_monsterinsights_sitenote_note":"","_monsterinsights_sitenote_category":0,"footnotes":""},"categories":[15],"tags":[501,498,354,503,496,494],"class_list":["post-4073","post","type-post","status-publish","format-standard","has-post-thumbnail","hentry","category-hirek","tag-501","tag-dij","tag-dijnyertes-kert","tag-gyoztes","tag-nivodij","tag-tajepiteszeti-nivodij"],"_links":{"self":[{"href":"https:\/\/almasibalazs.hu\/index.php?rest_route=\/wp\/v2\/posts\/4073","targetHints":{"allow":["GET"]}}],"collection":[{"href":"https:\/\/almasibalazs.hu\/index.php?rest_route=\/wp\/v2\/posts"}],"about":[{"href":"https:\/\/almasibalazs.hu\/index.php?rest_route=\/wp\/v2\/types\/post"}],"author":[{"embeddable":true,"href":"https:\/\/almasibalazs.hu\/index.php?rest_route=\/wp\/v2\/users\/1"}],"replies":[{"embeddable":true,"href":"https:\/\/almasibalazs.hu\/index.php?rest_route=%2Fwp%2Fv2%2Fcomments&post=4073"}],"version-history":[{"count":7,"href":"https:\/\/almasibalazs.hu\/index.php?rest_route=\/wp\/v2\/posts\/4073\/revisions"}],"predecessor-version":[{"id":4102,"href":"https:\/\/almasibalazs.hu\/index.php?rest_route=\/wp\/v2\/posts\/4073\/revisions\/4102"}],"wp:featuredmedia":[{"embeddable":true,"href":"https:\/\/almasibalazs.hu\/index.php?rest_route=\/wp\/v2\/media\/4074"}],"wp:attachment":[{"href":"https:\/\/almasibalazs.hu\/index.php?rest_route=%2Fwp%2Fv2%2Fmedia&parent=4073"}],"wp:term":[{"taxonomy":"category","embeddable":true,"href":"https:\/\/almasibalazs.hu\/index.php?rest_route=%2Fwp%2Fv2%2Fcategories&post=4073"},{"taxonomy":"post_tag","embeddable":true,"href":"https:\/\/almasibalazs.hu\/index.php?rest_route=%2Fwp%2Fv2%2Ftags&post=4073"}],"curies":[{"name":"wp","href":"https:\/\/api.w.org\/{rel}","templated":true}]}}