{"id":4160,"date":"2024-02-14T16:25:00","date_gmt":"2024-02-14T15:25:00","guid":{"rendered":"https:\/\/almasibalazs.hu\/?p=4160"},"modified":"2024-02-20T00:07:18","modified_gmt":"2024-02-19T23:07:18","slug":"igazi-stand-up-eloadas-a-szakmai-napok-rendezvenyen","status":"publish","type":"post","link":"https:\/\/almasibalazs.hu\/?p=4160","title":{"rendered":"Igazi &#8222;Stand Up&#8221; el\u0151ad\u00e1s a Szakmai napok rendezv\u00e9nyen"},"content":{"rendered":"\n<!--more-->\n\n\n\n<figure class=\"wp-block-image size-large\"><img loading=\"lazy\" decoding=\"async\" width=\"1024\" height=\"696\" src=\"https:\/\/almasibalazs.hu\/wp-content\/uploads\/Programfuzet-szerda-1024x696.png\" alt=\"\" class=\"wp-image-4162\" srcset=\"https:\/\/almasibalazs.hu\/wp-content\/uploads\/Programfuzet-szerda-1024x696.png 1024w, https:\/\/almasibalazs.hu\/wp-content\/uploads\/Programfuzet-szerda-300x204.png 300w, https:\/\/almasibalazs.hu\/wp-content\/uploads\/Programfuzet-szerda-768x522.png 768w, https:\/\/almasibalazs.hu\/wp-content\/uploads\/Programfuzet-szerda.png 1160w\" sizes=\"auto, (max-width: 767px) 89vw, (max-width: 1000px) 54vw, (max-width: 1071px) 543px, 580px\" \/><figcaption class=\"wp-element-caption\">A programf\u00fczetben csak el\u00edr\u00e1s a 2023, a konferencia 2024-ben volt<\/figcaption><\/figure>\n\n\n\n<p>Az a megtiszteltet\u00e9s \u00e9rt minket Szurovecz Roland kivitelez\u0151 koll\u00e9g\u00e1mmal, hogy a Tapolcai Szakmai Napok konferenci\u00e1n el\u0151adhattuk a t\u00e1j\u00e9p\u00edt\u00e9szeti n\u00edv\u00f3d\u00edjas \u00e9s \u00e9v kertje f\u0151d\u00edjas kert\u00fcnk t\u00f6rt\u00e9net\u00e9t. R\u00e1ad\u00e1sul b\u00fcszk\u00e9k vagyunk arra, hogy a t\u00f6bbi n\u00edv\u00f3d\u00edj kateg\u00f3ri\u00e1val ellent\u00e9tben az \u00e1ltal\u00e1nos 20 perces blokk helyett 40 percben oszthattuk meg, gyakran vicces \u00e9lm\u00e9nyeinket a nagyk\u00f6z\u00f6ns\u00e9ggel. Ut\u00f3lag meg is kaptuk t\u00f6bb \u00edzben is, hogy mindamellett, hogy szakmailag nagyon rendben volt az el\u0151ad\u00e1s, nek\u00fcnk &#8222;Stand-up&#8221; m\u0171fajban k\u00e9ne keresn\u00fcnk a kenyer\u00fcnk. Nem tagadom, mi is \u00e9lvezt\u00fck minden perc\u00e9t. Meghat\u00f3 volt a hallgat\u00f3s\u00e1g reakci\u00f3ja is. Anonim m\u00f3don, \u00e1lljon itt egy-k\u00e9t kiragadott komment az esem\u00e9nyr\u0151l:<\/p>\n\n\n\n<figure class=\"wp-block-image size-large is-resized\"><img loading=\"lazy\" decoding=\"async\" width=\"1024\" height=\"768\" src=\"https:\/\/almasibalazs.hu\/wp-content\/uploads\/viber_kep_2024-02-14_21-39-40-066-1024x768.jpg\" alt=\"\" class=\"wp-image-4164\" style=\"width:674px;height:auto\" srcset=\"https:\/\/almasibalazs.hu\/wp-content\/uploads\/viber_kep_2024-02-14_21-39-40-066-1024x768.jpg 1024w, https:\/\/almasibalazs.hu\/wp-content\/uploads\/viber_kep_2024-02-14_21-39-40-066-300x225.jpg 300w, https:\/\/almasibalazs.hu\/wp-content\/uploads\/viber_kep_2024-02-14_21-39-40-066-768x576.jpg 768w, https:\/\/almasibalazs.hu\/wp-content\/uploads\/viber_kep_2024-02-14_21-39-40-066-1536x1152.jpg 1536w, https:\/\/almasibalazs.hu\/wp-content\/uploads\/viber_kep_2024-02-14_21-39-40-066.jpg 1600w\" sizes=\"auto, (max-width: 767px) 89vw, (max-width: 1000px) 54vw, (max-width: 1071px) 543px, 580px\" \/><figcaption class=\"wp-element-caption\">fot\u00f3: Szalkai Adrienn<\/figcaption><\/figure>\n\n\n\n<p><em>&#8222;Nagyon szuper volt az el\u0151ad\u00e1sotok, igazi szakmais\u00e1ggal megsp\u00e9kelt stand-up comedy.<br>Nagyon \u00e9lveztem!! Gratul\u00e1lok!!&#8221;<\/em><\/p>\n\n\n\n<p><em>&#8222;Zseni\u00e1lisak voltatok, az idei legjobb el\u0151ad\u00e1s volt!!&#8221;<\/em><\/p>\n\n\n\n<p>Ez \u00faton is k\u00f6sz\u00f6nj\u00fck!<\/p>\n\n\n\n<figure class=\"wp-block-image size-large\"><img loading=\"lazy\" decoding=\"async\" width=\"1024\" height=\"657\" src=\"https:\/\/almasibalazs.hu\/wp-content\/uploads\/viber_kep_2024-02-14_21-39-24-911_B-1024x657.jpg\" alt=\"\" class=\"wp-image-4168\" srcset=\"https:\/\/almasibalazs.hu\/wp-content\/uploads\/viber_kep_2024-02-14_21-39-24-911_B-1024x657.jpg 1024w, https:\/\/almasibalazs.hu\/wp-content\/uploads\/viber_kep_2024-02-14_21-39-24-911_B-300x192.jpg 300w, https:\/\/almasibalazs.hu\/wp-content\/uploads\/viber_kep_2024-02-14_21-39-24-911_B-768x492.jpg 768w, https:\/\/almasibalazs.hu\/wp-content\/uploads\/viber_kep_2024-02-14_21-39-24-911_B-1536x985.jpg 1536w, https:\/\/almasibalazs.hu\/wp-content\/uploads\/viber_kep_2024-02-14_21-39-24-911_B.jpg 1600w\" sizes=\"auto, (max-width: 767px) 89vw, (max-width: 1000px) 54vw, (max-width: 1071px) 543px, 580px\" \/><figcaption class=\"wp-element-caption\">fot\u00f3: Szalkai Adrienn<\/figcaption><\/figure>\n","protected":false},"excerpt":{"rendered":"","protected":false},"author":1,"featured_media":4165,"comment_status":"open","ping_status":"open","sticky":false,"template":"","format":"standard","meta":{"_monsterinsights_skip_tracking":false,"_monsterinsights_sitenote_active":false,"_monsterinsights_sitenote_note":"","_monsterinsights_sitenote_category":0,"footnotes":""},"categories":[15],"tags":[468,466,379,571,569,567,565,574],"class_list":["post-4160","post","type-post","status-publish","format-standard","has-post-thumbnail","hentry","category-hirek","tag-eloadas","tag-konferencia","tag-magan-kert","tag-nivo-dijas","tag-nivodijas-magan-kert","tag-sikeres-eloadas","tag-szakmai-eloadas","tag-szakmai-napok"],"_links":{"self":[{"href":"https:\/\/almasibalazs.hu\/index.php?rest_route=\/wp\/v2\/posts\/4160","targetHints":{"allow":["GET"]}}],"collection":[{"href":"https:\/\/almasibalazs.hu\/index.php?rest_route=\/wp\/v2\/posts"}],"about":[{"href":"https:\/\/almasibalazs.hu\/index.php?rest_route=\/wp\/v2\/types\/post"}],"author":[{"embeddable":true,"href":"https:\/\/almasibalazs.hu\/index.php?rest_route=\/wp\/v2\/users\/1"}],"replies":[{"embeddable":true,"href":"https:\/\/almasibalazs.hu\/index.php?rest_route=%2Fwp%2Fv2%2Fcomments&post=4160"}],"version-history":[{"count":4,"href":"https:\/\/almasibalazs.hu\/index.php?rest_route=\/wp\/v2\/posts\/4160\/revisions"}],"predecessor-version":[{"id":4177,"href":"https:\/\/almasibalazs.hu\/index.php?rest_route=\/wp\/v2\/posts\/4160\/revisions\/4177"}],"wp:featuredmedia":[{"embeddable":true,"href":"https:\/\/almasibalazs.hu\/index.php?rest_route=\/wp\/v2\/media\/4165"}],"wp:attachment":[{"href":"https:\/\/almasibalazs.hu\/index.php?rest_route=%2Fwp%2Fv2%2Fmedia&parent=4160"}],"wp:term":[{"taxonomy":"category","embeddable":true,"href":"https:\/\/almasibalazs.hu\/index.php?rest_route=%2Fwp%2Fv2%2Fcategories&post=4160"},{"taxonomy":"post_tag","embeddable":true,"href":"https:\/\/almasibalazs.hu\/index.php?rest_route=%2Fwp%2Fv2%2Ftags&post=4160"}],"curies":[{"name":"wp","href":"https:\/\/api.w.org\/{rel}","templated":true}]}}