{"id":4218,"date":"2024-04-26T19:52:59","date_gmt":"2024-04-26T17:52:59","guid":{"rendered":"https:\/\/almasibalazs.hu\/?p=4218"},"modified":"2024-05-16T21:29:50","modified_gmt":"2024-05-16T19:29:50","slug":"kulonleges-installacio-a-budai-arboretumban","status":"publish","type":"post","link":"https:\/\/almasibalazs.hu\/?p=4218","title":{"rendered":"K\u00fcl\u00f6nleges Install\u00e1ci\u00f3 a Budai Arbor\u00e9tumban"},"content":{"rendered":"\n<!--more-->\n\n\n\n<p><strong>C\u00edm<\/strong>:\u00a0 L\u00e1thatatlan val\u00f3s\u00e1g<br><strong>Esem\u00e9ny<\/strong>:\u00a0 tantermi \u00f3ra helyett&#8230; T\u00e1j\u00e9p\u00edt\u00e9szeti grafika \u00e9s vizu\u00e1lis kommunik\u00e1ci\u00f3 1. tant\u00e1rgy<br><strong>Helysz\u00edn<\/strong>:\u00a0\u00a0 MATE Budai Campus &#8211; Arbor\u00e9tum<br><strong>Id\u0151pont<\/strong>:\u00a0\u00a0\u00a0 2024. \u00e1prilis 26.<br><strong>Koncepci\u00f3<\/strong>:\u00a0\u00a0\u00a0 PULUGOR Jonath\u00e1n Zsolt<br><strong>Csapatvezet\u0151<\/strong>:\u00a0\u00a0\u00a0 ALM\u00c1SI Bal\u00e1zs<br><strong>K\u00f6zrem\u0171k\u00f6dtek<\/strong>:\u00a0\u00a0 BARTHA \u00c1rp\u00e1d Zsolt, MOH\u00c1CSI Anna Luca, MOLN\u00c1R S\u00e1ndor Tas, M\u00dcLLER P\u00e9ter Mikl\u00f3s, ORB\u00c1N Andrea Izabella, POZSONYI Bence, S\u00c1NDOR Kriszta Anna, SIMON P\u00e9ter, W\u00c1GNER Rebeka Anna, ZACHER Enik\u0151<\/p>\n\n\n\n<figure class=\"wp-block-image size-large is-resized\"><img loading=\"lazy\" decoding=\"async\" width=\"768\" height=\"768\" src=\"https:\/\/almasibalazs.hu\/wp-content\/uploads\/IMG_1342_ik-768x768.jpg\" alt=\"\" class=\"wp-image-4225\" style=\"width:673px;height:auto\" srcset=\"https:\/\/almasibalazs.hu\/wp-content\/uploads\/IMG_1342_ik-768x768.jpg 768w, https:\/\/almasibalazs.hu\/wp-content\/uploads\/IMG_1342_ik-300x300.jpg 300w, https:\/\/almasibalazs.hu\/wp-content\/uploads\/IMG_1342_ik-150x150.jpg 150w, https:\/\/almasibalazs.hu\/wp-content\/uploads\/IMG_1342_ik-1536x1536.jpg 1536w, https:\/\/almasibalazs.hu\/wp-content\/uploads\/IMG_1342_ik-100x100.jpg 100w, https:\/\/almasibalazs.hu\/wp-content\/uploads\/IMG_1342_ik.jpg 1920w\" sizes=\"auto, (max-width: 767px) 89vw, (max-width: 1000px) 54vw, (max-width: 1071px) 543px, 580px\" \/><figcaption class=\"wp-element-caption\">fot\u00f3: ALM\u00c1SI Bal\u00e1zs<\/figcaption><\/figure>\n\n\n\n<p>A m\u0171anyag v\u00e1szon m\u00e9lyebb r\u00e9tegeiben rejlik az ember \u00e9s a term\u00e9szet k\u00f6z\u00f6tti k\u00f6lcs\u00f6n\u00f6s f\u00fcgg\u00e9s \u00e9s ellent\u00e9t szimbolikus megjelen\u00edt\u00e9se. A fa m\u00f6g\u00f6tt kih\u00fazott m\u0171anyag v\u00e1szon nem csup\u00e1n egy fizikai akad\u00e1ly, hanem egy m\u00e9lyebb jelk\u00e9p is, amely a modern ember \u00e9s a term\u00e9szet k\u00f6z\u00f6tti kapcsolat sz\u00e9les sk\u00e1l\u00e1j\u00e1t reprezent\u00e1lja. <\/p>\n\n\n\n<figure class=\"wp-block-image size-large\"><img loading=\"lazy\" decoding=\"async\" width=\"1024\" height=\"643\" src=\"https:\/\/almasibalazs.hu\/wp-content\/uploads\/IMG_0248_k-1024x643.jpg\" alt=\"\" class=\"wp-image-4235\" srcset=\"https:\/\/almasibalazs.hu\/wp-content\/uploads\/IMG_0248_k-1024x643.jpg 1024w, https:\/\/almasibalazs.hu\/wp-content\/uploads\/IMG_0248_k-300x188.jpg 300w, https:\/\/almasibalazs.hu\/wp-content\/uploads\/IMG_0248_k-768x482.jpg 768w, https:\/\/almasibalazs.hu\/wp-content\/uploads\/IMG_0248_k-1536x965.jpg 1536w, https:\/\/almasibalazs.hu\/wp-content\/uploads\/IMG_0248_k.jpg 1600w\" sizes=\"auto, (max-width: 767px) 89vw, (max-width: 1000px) 54vw, (max-width: 1071px) 543px, 580px\" \/><figcaption class=\"wp-element-caption\">fot\u00f3: BARTHA \u00c1rp\u00e1d Zsolt<\/figcaption><\/figure>\n\n\n\n<p>Ahogy az emberi \u00e9let egyre ink\u00e1bb belesimul a mesters\u00e9ges anyagok \u00e1ltal uralt vil\u00e1gba, \u00fagy v\u00e1lik egyre ritk\u00e1bb\u00e1 az igazi, term\u00e9szetes tal\u00e1lkoz\u00e1sok lehet\u0151s\u00e9ge. A kertekben \u00e9s a v\u00e1s\u00e1rl\u00e1skor t\u00f6rt\u00e9n\u0151 m\u0171anyag zacsk\u00f3kban val\u00f3 term\u00e9szettel val\u00f3 tal\u00e1lkoz\u00e1s arra eml\u00e9keztet benn\u00fcnket, hogy az emberi k\u00e9nyelem \u00e9s fogyaszt\u00e1s kult\u00far\u00e1ja milyen m\u00e9rt\u00e9kben k\u00fcl\u00f6nv\u00e1lasztja \u00e9s \u00e1talak\u00edtja a term\u00e9szetes \u00e9s a mesters\u00e9ges vil\u00e1gokat. A m\u0171alkot\u00e1s ebben az \u00e9rtelemben egy m\u00e9lyebb, szimbolikus \u00fatmutat\u00f3k\u00e9nt szolg\u00e1l, amely arra \u00f6szt\u00f6n\u00f6z, hogy \u00fajra\u00e9rt\u00e9kelj\u00fck kapcsolatunkat a term\u00e9szettel, \u00e9s reflekt\u00e1ljunk fogyaszt\u00f3i szok\u00e1sainkra a fenntarthat\u00f3s\u00e1g \u00e9s a term\u00e9szet v\u00e9delme \u00e9rdek\u00e9ben.<\/p>\n\n\n\n<figure class=\"wp-block-image size-large\"><img loading=\"lazy\" decoding=\"async\" width=\"971\" height=\"768\" src=\"https:\/\/almasibalazs.hu\/wp-content\/uploads\/IMG_1349_k-971x768.jpg\" alt=\"\" class=\"wp-image-4230\" srcset=\"https:\/\/almasibalazs.hu\/wp-content\/uploads\/IMG_1349_k-971x768.jpg 971w, https:\/\/almasibalazs.hu\/wp-content\/uploads\/IMG_1349_k-300x237.jpg 300w, https:\/\/almasibalazs.hu\/wp-content\/uploads\/IMG_1349_k-768x608.jpg 768w, https:\/\/almasibalazs.hu\/wp-content\/uploads\/IMG_1349_k-1536x1215.jpg 1536w, https:\/\/almasibalazs.hu\/wp-content\/uploads\/IMG_1349_k.jpg 1600w\" sizes=\"auto, (max-width: 767px) 89vw, (max-width: 1000px) 54vw, (max-width: 1071px) 543px, 580px\" \/><figcaption class=\"wp-element-caption\">fot\u00f3: ALM\u00c1SI Bal\u00e1zs<\/figcaption><\/figure>\n\n\n\n<figure class=\"wp-block-image size-large is-resized\"><img loading=\"lazy\" decoding=\"async\" width=\"1024\" height=\"768\" src=\"https:\/\/almasibalazs.hu\/wp-content\/uploads\/IMG_0424_k-1024x768.jpg\" alt=\"\" class=\"wp-image-4236\" style=\"width:675px;height:auto\" srcset=\"https:\/\/almasibalazs.hu\/wp-content\/uploads\/IMG_0424_k-1024x768.jpg 1024w, https:\/\/almasibalazs.hu\/wp-content\/uploads\/IMG_0424_k-300x225.jpg 300w, https:\/\/almasibalazs.hu\/wp-content\/uploads\/IMG_0424_k-768x576.jpg 768w, https:\/\/almasibalazs.hu\/wp-content\/uploads\/IMG_0424_k-1536x1152.jpg 1536w, https:\/\/almasibalazs.hu\/wp-content\/uploads\/IMG_0424_k.jpg 1600w\" sizes=\"auto, (max-width: 767px) 89vw, (max-width: 1000px) 54vw, (max-width: 1071px) 543px, 580px\" \/><figcaption class=\"wp-element-caption\">fot\u00f3: BARTHA \u00c1rp\u00e1d Zsolt<\/figcaption><\/figure>\n\n\n\n<figure class=\"wp-block-image size-large is-style-default\"><img loading=\"lazy\" decoding=\"async\" width=\"768\" height=\"768\" src=\"https:\/\/almasibalazs.hu\/wp-content\/uploads\/IMG_1360_ik-768x768.jpg\" alt=\"\" class=\"wp-image-4224\" srcset=\"https:\/\/almasibalazs.hu\/wp-content\/uploads\/IMG_1360_ik-768x768.jpg 768w, https:\/\/almasibalazs.hu\/wp-content\/uploads\/IMG_1360_ik-300x300.jpg 300w, https:\/\/almasibalazs.hu\/wp-content\/uploads\/IMG_1360_ik-150x150.jpg 150w, https:\/\/almasibalazs.hu\/wp-content\/uploads\/IMG_1360_ik-1536x1536.jpg 1536w, https:\/\/almasibalazs.hu\/wp-content\/uploads\/IMG_1360_ik-100x100.jpg 100w, https:\/\/almasibalazs.hu\/wp-content\/uploads\/IMG_1360_ik.jpg 1920w\" sizes=\"auto, (max-width: 767px) 89vw, (max-width: 1000px) 54vw, (max-width: 1071px) 543px, 580px\" \/><figcaption class=\"wp-element-caption\">fot\u00f3: ALM\u00c1SI Bal\u00e1zs<\/figcaption><\/figure>\n\n\n<div class=\"wp-block-image\">\n<figure class=\"aligncenter size-large is-resized\"><img loading=\"lazy\" decoding=\"async\" width=\"1024\" height=\"768\" src=\"https:\/\/almasibalazs.hu\/wp-content\/uploads\/IMG_0487_k-1024x768.jpg\" alt=\"\" class=\"wp-image-4237\" style=\"width:674px;height:auto\" srcset=\"https:\/\/almasibalazs.hu\/wp-content\/uploads\/IMG_0487_k-1024x768.jpg 1024w, https:\/\/almasibalazs.hu\/wp-content\/uploads\/IMG_0487_k-300x225.jpg 300w, https:\/\/almasibalazs.hu\/wp-content\/uploads\/IMG_0487_k-768x576.jpg 768w, https:\/\/almasibalazs.hu\/wp-content\/uploads\/IMG_0487_k-1536x1152.jpg 1536w, https:\/\/almasibalazs.hu\/wp-content\/uploads\/IMG_0487_k.jpg 1600w\" sizes=\"auto, (max-width: 767px) 89vw, (max-width: 1000px) 54vw, (max-width: 1071px) 543px, 580px\" \/><figcaption class=\"wp-element-caption\">fot\u00f3: BARTHA \u00c1rp\u00e1d Zsolt<\/figcaption><\/figure>\n<\/div>\n\n\n<figure class=\"wp-block-image size-large\"><img loading=\"lazy\" decoding=\"async\" width=\"1024\" height=\"768\" src=\"https:\/\/almasibalazs.hu\/wp-content\/uploads\/IMG_1371_k-1024x768.jpg\" alt=\"\" class=\"wp-image-4229\" srcset=\"https:\/\/almasibalazs.hu\/wp-content\/uploads\/IMG_1371_k-1024x768.jpg 1024w, https:\/\/almasibalazs.hu\/wp-content\/uploads\/IMG_1371_k-300x225.jpg 300w, https:\/\/almasibalazs.hu\/wp-content\/uploads\/IMG_1371_k-768x576.jpg 768w, https:\/\/almasibalazs.hu\/wp-content\/uploads\/IMG_1371_k-1536x1152.jpg 1536w, https:\/\/almasibalazs.hu\/wp-content\/uploads\/IMG_1371_k.jpg 1600w\" sizes=\"auto, (max-width: 767px) 89vw, (max-width: 1000px) 54vw, (max-width: 1071px) 543px, 580px\" \/><figcaption class=\"wp-element-caption\">fot\u00f3: ALM\u00c1SI Bal\u00e1zs<\/figcaption><\/figure>\n\n\n\n<figure class=\"wp-block-image size-large\"><img loading=\"lazy\" decoding=\"async\" width=\"1024\" height=\"768\" src=\"https:\/\/almasibalazs.hu\/wp-content\/uploads\/IMG_1357_k-1024x768.jpg\" alt=\"\" class=\"wp-image-4231\" srcset=\"https:\/\/almasibalazs.hu\/wp-content\/uploads\/IMG_1357_k-1024x768.jpg 1024w, https:\/\/almasibalazs.hu\/wp-content\/uploads\/IMG_1357_k-300x225.jpg 300w, https:\/\/almasibalazs.hu\/wp-content\/uploads\/IMG_1357_k-768x576.jpg 768w, https:\/\/almasibalazs.hu\/wp-content\/uploads\/IMG_1357_k-1536x1152.jpg 1536w, https:\/\/almasibalazs.hu\/wp-content\/uploads\/IMG_1357_k.jpg 1600w\" sizes=\"auto, (max-width: 767px) 89vw, (max-width: 1000px) 54vw, (max-width: 1071px) 543px, 580px\" \/><figcaption class=\"wp-element-caption\">fot\u00f3: ALM\u00c1SI Bal\u00e1zs<\/figcaption><\/figure>\n\n\n\n<figure class=\"wp-block-image size-large\"><img loading=\"lazy\" decoding=\"async\" width=\"1024\" height=\"547\" src=\"https:\/\/almasibalazs.hu\/wp-content\/uploads\/IMG_1393_kisebb-1024x547.jpg\" alt=\"\" class=\"wp-image-4220\" srcset=\"https:\/\/almasibalazs.hu\/wp-content\/uploads\/IMG_1393_kisebb-1024x547.jpg 1024w, https:\/\/almasibalazs.hu\/wp-content\/uploads\/IMG_1393_kisebb-300x160.jpg 300w, https:\/\/almasibalazs.hu\/wp-content\/uploads\/IMG_1393_kisebb-768x410.jpg 768w, https:\/\/almasibalazs.hu\/wp-content\/uploads\/IMG_1393_kisebb-1536x820.jpg 1536w, https:\/\/almasibalazs.hu\/wp-content\/uploads\/IMG_1393_kisebb-2048x1093.jpg 2048w\" sizes=\"auto, (max-width: 767px) 89vw, (max-width: 1000px) 54vw, (max-width: 1071px) 543px, 580px\" \/><figcaption class=\"wp-element-caption\">fot\u00f3: ALM\u00c1SI Bal\u00e1zs<\/figcaption><\/figure>\n\n\n\n<figure class=\"wp-block-image size-large\"><img loading=\"lazy\" decoding=\"async\" width=\"768\" height=\"768\" src=\"https:\/\/almasibalazs.hu\/wp-content\/uploads\/IMG_1387_i-768x768.jpg\" alt=\"\" class=\"wp-image-4222\" srcset=\"https:\/\/almasibalazs.hu\/wp-content\/uploads\/IMG_1387_i-768x768.jpg 768w, https:\/\/almasibalazs.hu\/wp-content\/uploads\/IMG_1387_i-300x300.jpg 300w, https:\/\/almasibalazs.hu\/wp-content\/uploads\/IMG_1387_i-150x150.jpg 150w, https:\/\/almasibalazs.hu\/wp-content\/uploads\/IMG_1387_i-1536x1536.jpg 1536w, https:\/\/almasibalazs.hu\/wp-content\/uploads\/IMG_1387_i-2048x2048.jpg 2048w, https:\/\/almasibalazs.hu\/wp-content\/uploads\/IMG_1387_i-100x100.jpg 100w\" sizes=\"auto, (max-width: 767px) 89vw, (max-width: 1000px) 54vw, (max-width: 1071px) 543px, 580px\" \/><figcaption class=\"wp-element-caption\">fot\u00f3: ALM\u00c1SI Bal\u00e1zs<\/figcaption><\/figure>\n","protected":false},"excerpt":{"rendered":"","protected":false},"author":1,"featured_media":4227,"comment_status":"open","ping_status":"open","sticky":false,"template":"","format":"standard","meta":{"_monsterinsights_skip_tracking":false,"_monsterinsights_sitenote_active":false,"_monsterinsights_sitenote_note":"","_monsterinsights_sitenote_category":0,"footnotes":""},"categories":[11],"tags":[605,609,607,413,415,603],"class_list":["post-4218","post","type-post","status-publish","format-standard","has-post-thumbnail","hentry","category-land-art","tag-alkotas","tag-arboretum","tag-hallgatok","tag-land-art","tag-muveszet","tag-termeszetmuveszet"],"_links":{"self":[{"href":"https:\/\/almasibalazs.hu\/index.php?rest_route=\/wp\/v2\/posts\/4218","targetHints":{"allow":["GET"]}}],"collection":[{"href":"https:\/\/almasibalazs.hu\/index.php?rest_route=\/wp\/v2\/posts"}],"about":[{"href":"https:\/\/almasibalazs.hu\/index.php?rest_route=\/wp\/v2\/types\/post"}],"author":[{"embeddable":true,"href":"https:\/\/almasibalazs.hu\/index.php?rest_route=\/wp\/v2\/users\/1"}],"replies":[{"embeddable":true,"href":"https:\/\/almasibalazs.hu\/index.php?rest_route=%2Fwp%2Fv2%2Fcomments&post=4218"}],"version-history":[{"count":9,"href":"https:\/\/almasibalazs.hu\/index.php?rest_route=\/wp\/v2\/posts\/4218\/revisions"}],"predecessor-version":[{"id":4297,"href":"https:\/\/almasibalazs.hu\/index.php?rest_route=\/wp\/v2\/posts\/4218\/revisions\/4297"}],"wp:featuredmedia":[{"embeddable":true,"href":"https:\/\/almasibalazs.hu\/index.php?rest_route=\/wp\/v2\/media\/4227"}],"wp:attachment":[{"href":"https:\/\/almasibalazs.hu\/index.php?rest_route=%2Fwp%2Fv2%2Fmedia&parent=4218"}],"wp:term":[{"taxonomy":"category","embeddable":true,"href":"https:\/\/almasibalazs.hu\/index.php?rest_route=%2Fwp%2Fv2%2Fcategories&post=4218"},{"taxonomy":"post_tag","embeddable":true,"href":"https:\/\/almasibalazs.hu\/index.php?rest_route=%2Fwp%2Fv2%2Ftags&post=4218"}],"curies":[{"name":"wp","href":"https:\/\/api.w.org\/{rel}","templated":true}]}}