{"id":4281,"date":"2024-02-24T20:16:14","date_gmt":"2024-02-24T19:16:14","guid":{"rendered":"https:\/\/almasibalazs.hu\/?p=4281"},"modified":"2024-05-13T22:28:46","modified_gmt":"2024-05-13T20:28:46","slug":"velencei-epiteszeti-biennale-2025-cosmopolis","status":"publish","type":"post","link":"https:\/\/almasibalazs.hu\/?p=4281","title":{"rendered":"Velencei \u00c9p\u00edt\u00e9szeti Bienn\u00e1l\u00e9 2025 &#8211; COSMOPOLIS"},"content":{"rendered":"\n<!--more-->\n\n\n\n<p><strong>Helysz\u00edn<\/strong>:&nbsp; Velence \u2013 Olaszorsz\u00e1g<br><strong>P\u00e1ly\u00e1zat<\/strong>:&nbsp;&nbsp; Nemzetk\u00f6zi \u00c9p\u00edt\u00e9szeti Bienn\u00e1l\u00e9<br><strong>Ki\u00edr\u00e1s<\/strong>:&nbsp;&nbsp; 2024. febru\u00e1r<br><strong>C\u00edm<\/strong>:&nbsp; COSMOPOLIS<br><strong>Kur\u00e1tor<\/strong>: KULCS\u00c1R G\u00e9za &#8211; kutat\u00f3, \u00edr\u00f3, kur\u00e1tor, az Urbanum V\u00e1roskutat\u00e1si Alap\u00edtv\u00e1ny alap\u00edt\u00f3ja<br><strong>Alkot\u00f3k<\/strong>: SZAB\u00d3 Krist\u00f3f, CSIZIK Bal\u00e1zs, ASZTALOS Zsolt, H\u00c1MOS Guszt\u00e1v &#8211; Katja PRATSHCKE, KICSINY Martha, MAYER \u00c9va<br><strong>Tervez\u0151k<\/strong>: ALM\u00c1SI Bal\u00e1zs, GUBAHAMORI, JUH\u00c1SZ P\u00e9ter<\/p>\n\n\n\n<figure class=\"wp-block-image size-large\"><img loading=\"lazy\" decoding=\"async\" width=\"1024\" height=\"575\" src=\"https:\/\/almasibalazs.hu\/wp-content\/uploads\/kep-10-1024x575.png\" alt=\"\" class=\"wp-image-4283\" srcset=\"https:\/\/almasibalazs.hu\/wp-content\/uploads\/kep-10-1024x575.png 1024w, https:\/\/almasibalazs.hu\/wp-content\/uploads\/kep-10-300x169.png 300w, https:\/\/almasibalazs.hu\/wp-content\/uploads\/kep-10-768x431.png 768w, https:\/\/almasibalazs.hu\/wp-content\/uploads\/kep-10.png 1456w\" sizes=\"auto, (max-width: 767px) 89vw, (max-width: 1000px) 54vw, (max-width: 1071px) 543px, 580px\" \/><\/figure>\n\n\n\n<p>A ki\u00e1ll\u00edt\u00e1s egy spekulat\u00edv v\u00e1rostervez\u00e9si labormunka keret\u00e9ben mutatja be a mindenkori v\u00e1rosi t\u00e9r egyetemess\u00e9g\u00e9t \u00e9s egyedis\u00e9g\u00e9t, illetve a tervez\u00e9si gyakorlat szinte v\u00e9gtelen perspekt\u00edv\u00e1j\u00e1nak sokf\u00e9les\u00e9g\u00e9t. A legfontosabb c\u00e9l: megsz\u00f3l\u00edtani a v\u00e1roslak\u00f3kat, azaz minket, mindannyiunkat. Egy \u00e1t\u00e9lhet\u0151, reprezentat\u00edv p\u00e9ld\u00e1n kereszt\u00fcl felmutatni, \u00e9rz\u00e9kelhet\u0151v\u00e9 \u00e9s elgondolhat\u00f3v\u00e1 tenni a nagyv\u00e1ros form\u00e1it, dinamik\u00e1it \u00e9s dichot\u00f3mi\u00e1it \u2014 egy szakm\u00e1k, diszcipl\u00edn\u00e1k \u00e9s alkot\u00f3i m\u00f3dszerek k\u00f6z\u00f6tti nyitott, k\u00f6z\u00f6ss\u00e9gi diskurzus keret\u00e9ben.<\/p>\n\n\n\n<figure class=\"wp-block-image size-large\"><img loading=\"lazy\" decoding=\"async\" width=\"1024\" height=\"575\" src=\"https:\/\/almasibalazs.hu\/wp-content\/uploads\/kep-13-1024x575.png\" alt=\"\" class=\"wp-image-4286\" srcset=\"https:\/\/almasibalazs.hu\/wp-content\/uploads\/kep-13-1024x575.png 1024w, https:\/\/almasibalazs.hu\/wp-content\/uploads\/kep-13-300x168.png 300w, https:\/\/almasibalazs.hu\/wp-content\/uploads\/kep-13-768x431.png 768w, https:\/\/almasibalazs.hu\/wp-content\/uploads\/kep-13.png 1461w\" sizes=\"auto, (max-width: 767px) 89vw, (max-width: 1000px) 54vw, (max-width: 1071px) 543px, 580px\" \/><\/figure>\n\n\n\n<p>A fogad\u00f3t\u00e9r a meg\u00e9rkez\u00e9sr\u0151l \u00e9s befogad\u00e1sr\u00f3l sz\u00f3l: minden l\u00e1togat\u00f3 sz\u00e1m\u00e1ra \u00e1t\u00e9lhet\u0151 v\u00e1ros- \u00e9s eml\u00e9kkonfigur\u00e1ci\u00f3k, a Pavilon, Budapest \u00e9s a vil\u00e1gv\u00e1ros \u00fajratervez\u00e9s\u00e9nek j\u00e1t\u00e9ka. A h\u00e1rom bels\u0151 t\u00e9r (a k\u00e9t nagyterem, illetve az \u0151ket \u00f6sszek\u00f6t\u0151 folyos\u00f3) nemcsak Budapest szellemi topogr\u00e1fi\u00e1j\u00e1t id\u00e9zi meg, hanem egy\u00fattal a v\u00e1rosi t\u00e9r organiz\u00e1ci\u00f3j\u00e1nak \u00e9s organikuss\u00e1g\u00e1nak, a term\u00e9szeti urb\u00e1nus megjelen\u00e9si form\u00e1inak \u00e9s lehet\u0151s\u00e9geinek, a befogad\u00e1snak \u00e9s l\u00e1that\u00f3s\u00e1gnak egyetemes k\u00e9rd\u00e9seit t\u00e1rgyalj\u00e1k.<br>A vil\u00e1gv\u00e1ros &#8211; megism\u00e9telhetetlen, egyszeri otthon \u00e9s l\u00e9tez\u0151 ut\u00f3pia, amit folyamatosan egy\u00fctt \u00e9p\u00edt\u00fcnk.<\/p>\n\n\n\n<figure class=\"wp-block-image size-large\"><img loading=\"lazy\" decoding=\"async\" width=\"1024\" height=\"575\" src=\"https:\/\/almasibalazs.hu\/wp-content\/uploads\/kep-12-1024x575.png\" alt=\"\" class=\"wp-image-4285\" srcset=\"https:\/\/almasibalazs.hu\/wp-content\/uploads\/kep-12-1024x575.png 1024w, https:\/\/almasibalazs.hu\/wp-content\/uploads\/kep-12-300x168.png 300w, https:\/\/almasibalazs.hu\/wp-content\/uploads\/kep-12-768x431.png 768w, https:\/\/almasibalazs.hu\/wp-content\/uploads\/kep-12.png 1456w\" sizes=\"auto, (max-width: 767px) 89vw, (max-width: 1000px) 54vw, (max-width: 1071px) 543px, 580px\" \/><\/figure>\n\n\n\n<p>A ki\u00e1ll\u00edt\u00e1s sz\u00e1mos, egym\u00e1sba j\u00e1tsz\u00f3 \u00e9s egym\u00e1ssal is dial\u00f3gusba l\u00e9p\u0151 \u00e9rtelmez\u00e9si r\u00e9teget k\u00edn\u00e1l, de alapvet\u0151 c\u00e9lja kett\u0151s. A legfontosabb: megsz\u00f3l\u00edtani a v\u00e1roslak\u00f3kat, azaz minket, mindannyiunkat. Egy \u00e1t\u00e9lhet\u0151, reprezentat\u00edv p\u00e9ld\u00e1n kereszt\u00fcl felmutatni, \u00e9rz\u00e9kelhet\u0151v\u00e9 \u00e9s elgondolhat\u00f3v\u00e1 tenni a nagyv\u00e1ros form\u00e1iban, dinamik\u00e1iban \u00e9s dichot\u00f3mi\u00e1iban rejl\u0151 egyetemess\u00e9get. A m\u00e1sik, ehhez kapcsol\u00f3d\u00f3 fundament\u00e1lis c\u00e9lkit\u0171z\u00e9s pedig, igazodva az \u00c9p\u00edt\u00e9szeti Bienn\u00e1l\u00e9 int\u00e9zm\u00e9ny\u00e9nek intenci\u00f3ihoz is, egy szakmai, s\u0151t, ami m\u00e9g fontosabb, szakm\u00e1k, diszcipl\u00edn\u00e1k \u00e9s m\u00f3dszerek k\u00f6z\u00f6tti nyitott diskurzus sz\u00ednre vitele a kort\u00e1rs alkot\u00f3i, tervez\u0151i, \u00e9p\u00edt\u0151i gyakorlat diszcipl\u00edn\u00e1kat \u00e9s ber\u00f6gz\u0151d\u00e9seket maga m\u00f6g\u00f6tt hagy\u00f3 k\u00f6z\u00f6ss\u00e9gi \u00e9lm\u00e9ny keret\u00e9ben. Ehhez a mindenkori, egyszeri \u00e9s egyetemes v\u00e1ros imaginat\u00edv tervez\u0151asztala adekv\u00e1t terepet k\u00edn\u00e1l.<br>A ki\u00e1ll\u00edt\u00e1s egy spekulat\u00edv v\u00e1rostervez\u00e9si labormunka keret\u00e9ben mutatja be a hely egyetemes-absztrakt \u00e9s specifikus-konkr\u00e9t aspektusainak, illetve a tervez\u00e9si gyakorlat szinte v\u00e9gtelen perspekt\u00edv\u00e1j\u00e1nak sokf\u00e9les\u00e9g\u00e9t.<br>Az esettanulm\u00e1ny alapj\u00e1ul Budapest szolg\u00e1l: mindannyiunknak meghitten \u00e9s megszokottan ismer\u0151s, egys\u00e9ges, m\u00e9gis folyton r\u00e9szekre hull\u00f3 vil\u00e1gv\u00e1ros. A diszcipl\u00edn\u00e1kon \u00e9s rutinokon t\u00falmutat\u00f3 alaphelyzet azt az \u00e1llapotot ragadja meg, ahol a v\u00e1ros, legyen a m\u00faltja b\u00e1rmilyen m\u00e9ly is, az azt szeml\u00e9l\u0151ben \u00e9s meg\u00e9l\u0151ben folyton \u00fajj\u00e1\u00e9p\u00fcl.<\/p>\n\n\n\n<figure class=\"wp-block-image size-large\"><img loading=\"lazy\" decoding=\"async\" width=\"1024\" height=\"571\" src=\"https:\/\/almasibalazs.hu\/wp-content\/uploads\/kep-11-1024x571.png\" alt=\"\" class=\"wp-image-4284\" srcset=\"https:\/\/almasibalazs.hu\/wp-content\/uploads\/kep-11-1024x571.png 1024w, https:\/\/almasibalazs.hu\/wp-content\/uploads\/kep-11-300x167.png 300w, https:\/\/almasibalazs.hu\/wp-content\/uploads\/kep-11-768x429.png 768w, https:\/\/almasibalazs.hu\/wp-content\/uploads\/kep-11.png 1457w\" sizes=\"auto, (max-width: 767px) 89vw, (max-width: 1000px) 54vw, (max-width: 1071px) 543px, 580px\" \/><\/figure>\n\n\n\n<p>&#8230; &#8222;Eml\u00edtett\u00fck Budapest kett\u0151s term\u00e9szet\u00e9t, melyet a ki\u00e1ll\u00edt\u00e1s a pavilon \u00e9p\u00fclet\u00e9re k\u00e9pez, ezzel is hangs\u00falyozva t\u00e9r \u00e9s reprezent\u00e1ci\u00f3 intim k\u00f6zels\u00e9g\u00e9t, ugyanakkor formai sokf\u00e9les\u00e9g\u00e9t. A h\u00e1rom t\u00e9rr\u00e9sz: Buda, Duna \u00e9s Pest els\u0151sorban nem a l\u00e9tez\u0151 Budapest \u00e9p\u00edtett \u00e9s term\u00e9szeti karakter\u00e9t t\u00fckr\u00f6zi vissza, hanem az eszmei, v\u00e1roson t\u00fali v\u00e1ros \u00e1ltal megid\u00e9zett k\u00e9peket \u00e9s fogalmakat j\u00e1rja k\u00f6r\u00fcl \u00e9rz\u00e9keny, hozz\u00e1f\u00e9rhet\u0151 \u00e9s nem-didaktikus m\u00f3don.<br>A Buda \u00e1ltal inspir\u00e1lt terem t\u00e9m\u00e1ja a v\u00e1ros objekt\u00edv \u00e9s szubjekt\u00edv hat\u00e1rainak k\u00e9rd\u00e9se, v\u00e1ros \u00e9s term\u00e9szet viszonya (szepar\u00e1lt \u00e9s szemben\u00e1ll\u00f3 vagy egym\u00e1sba \u00e1gyaz\u00f3d\u00f3?). A Pesthez k\u00e9pest \u00f6sszetettebb topogr\u00e1fi\u00e1j\u00fa \u00e9s term\u00e9szeti elemekeben gazdagabb Buda spekulat\u00edv install\u00e1ci\u00f3j\u00e1t Alm\u00e1si Bal\u00e1zs t\u00e1j\u00e9p\u00edt\u00e9sszel egy\u00fcttm\u0171k\u00f6d\u00e9sben alak\u00edtjuk ki. A term\u00e9szeti elemek \u00e9s impulzusok k\u00f6z\u00f6tt Asztalos Zsolt eml\u00e9kezet \u00e9s \u00e9p\u00fclet viszony\u00e1t absztrakt, enigmatikus form\u00e1ban megjelen\u00edt\u0151, az \u00e9p\u00edt\u00e9szeti makettb\u0151l t\u00e1pl\u00e1lkoz\u00f3 objektjei, illetve a hasonl\u00f3 inspir\u00e1ci\u00f3b\u00f3l fakad\u00f3 t\u00e1jk\u00e9pei tal\u00e1lhat\u00f3k, kieg\u00e9sz\u00fclve Csizik Bal\u00e1zs \u00e9s Szab\u00f3 Krist\u00f3f a t\u00e1jat a kort\u00e1rs v\u00e1rosiass\u00e1g jellegzetes alakzatain kereszt\u00fcl \u00fajra\u00edr\u00f3 k\u00e9peivel.&#8221;&#8230;<\/p>\n","protected":false},"excerpt":{"rendered":"","protected":false},"author":1,"featured_media":4282,"comment_status":"open","ping_status":"open","sticky":false,"template":"","format":"standard","meta":{"_monsterinsights_skip_tracking":false,"_monsterinsights_sitenote_active":false,"_monsterinsights_sitenote_note":"","_monsterinsights_sitenote_category":0,"footnotes":""},"categories":[3],"tags":[635,640,633,560,638,629,391,631],"class_list":["post-4281","post","type-post","status-publish","format-standard","has-post-thumbnail","hentry","category-palyazat","tag-635","tag-cosmopolis","tag-epiteszeti-biennale","tag-kiallitas-hu","tag-koncepcio","tag-magyar-pavilon","tag-palyazat","tag-velence"],"_links":{"self":[{"href":"https:\/\/almasibalazs.hu\/index.php?rest_route=\/wp\/v2\/posts\/4281","targetHints":{"allow":["GET"]}}],"collection":[{"href":"https:\/\/almasibalazs.hu\/index.php?rest_route=\/wp\/v2\/posts"}],"about":[{"href":"https:\/\/almasibalazs.hu\/index.php?rest_route=\/wp\/v2\/types\/post"}],"author":[{"embeddable":true,"href":"https:\/\/almasibalazs.hu\/index.php?rest_route=\/wp\/v2\/users\/1"}],"replies":[{"embeddable":true,"href":"https:\/\/almasibalazs.hu\/index.php?rest_route=%2Fwp%2Fv2%2Fcomments&post=4281"}],"version-history":[{"count":4,"href":"https:\/\/almasibalazs.hu\/index.php?rest_route=\/wp\/v2\/posts\/4281\/revisions"}],"predecessor-version":[{"id":4294,"href":"https:\/\/almasibalazs.hu\/index.php?rest_route=\/wp\/v2\/posts\/4281\/revisions\/4294"}],"wp:featuredmedia":[{"embeddable":true,"href":"https:\/\/almasibalazs.hu\/index.php?rest_route=\/wp\/v2\/media\/4282"}],"wp:attachment":[{"href":"https:\/\/almasibalazs.hu\/index.php?rest_route=%2Fwp%2Fv2%2Fmedia&parent=4281"}],"wp:term":[{"taxonomy":"category","embeddable":true,"href":"https:\/\/almasibalazs.hu\/index.php?rest_route=%2Fwp%2Fv2%2Fcategories&post=4281"},{"taxonomy":"post_tag","embeddable":true,"href":"https:\/\/almasibalazs.hu\/index.php?rest_route=%2Fwp%2Fv2%2Ftags&post=4281"}],"curies":[{"name":"wp","href":"https:\/\/api.w.org\/{rel}","templated":true}]}}