{"id":4296,"date":"2020-10-16T23:15:00","date_gmt":"2020-10-16T21:15:00","guid":{"rendered":"https:\/\/almasibalazs.hu\/?p=4296"},"modified":"2024-05-20T20:47:13","modified_gmt":"2024-05-20T18:47:13","slug":"sarga-objektek-a-budai-arboretumban","status":"publish","type":"post","link":"https:\/\/almasibalazs.hu\/?p=4296","title":{"rendered":"S\u00e1rga objektek a Budai Arbor\u00e9tumban"},"content":{"rendered":"\n<!--more-->\n\n\n\n<p><strong>C\u00edm<\/strong>:&nbsp; Mad\u00e1rgal\u00e9ria<br><strong>Esem\u00e9ny<\/strong>:&nbsp; tantermi \u00f3ra helyett\u2026 Rajz \u00e9s vizu\u00e1lis kommunik\u00e1ci\u00f3 2. tant\u00e1rgy keret\u00e9ben<br><strong>Helysz\u00edn<\/strong>:&nbsp;&nbsp; SZIE Budai Campus \u2013 Arbor\u00e9tum<br><strong>Id\u0151pont<\/strong>:&nbsp;&nbsp;&nbsp; (2020. okt\u00f3ber 16.) 2021. szeptember 28.<br><strong>Koncepci\u00f3<\/strong>:&nbsp;&nbsp;&nbsp; PALMER Vera Jol\u00e1n<br><strong>Csapatvezet\u0151<\/strong>:&nbsp;&nbsp;&nbsp; ALM\u00c1SI Bal\u00e1zs<br><strong>K\u00f6zrem\u0171k\u00f6dtek<\/strong>:&nbsp;&nbsp; CSEH No\u00e9mi, K\u00d3CZ\u00c1N Dalma, KOLTAI Emese, L\u00c1SZL\u00d3 Eszter, MOUSSONG Zsuzsanna, NOV\u00c1K Vivien, PODOL\u00c1K Zs\u00f3fia, T\u00d3TH Barnab\u00e1s<br><strong>Partner:<\/strong> Budapest F\u0151v\u00e1ros \u00d6nkorm\u00e1nyzata &#8211; Gad\u00f3 Gy\u00f6rgy<\/p>\n\n\n\n<figure class=\"wp-block-embed is-type-video is-provider-youtube wp-block-embed-youtube wp-embed-aspect-16-9 wp-has-aspect-ratio\"><div class=\"wp-block-embed__wrapper\">\n<iframe loading=\"lazy\" title=\"Mad\u00e1rgal\u00e9ria 2020\" width=\"525\" height=\"295\" src=\"https:\/\/www.youtube.com\/embed\/LCF8X7a_yns?feature=oembed\" frameborder=\"0\" allow=\"accelerometer; autoplay; clipboard-write; encrypted-media; gyroscope; picture-in-picture; web-share\" referrerpolicy=\"strict-origin-when-cross-origin\" allowfullscreen><\/iframe>\n<\/div><\/figure>\n\n\n\n<p><em>&#8222;Amikor kin\u00e9zek otthon a konyha ablakb\u00f3l \u00e1ltal\u00e1ban a kert \u00e9s a madarak l\u00e1tv\u00e1nya az almaf\u00e1n, ami engem elig\u00e9z. Egy csal\u00e1di besz\u00e9lget\u00e9s alatt is ki-ki kukucsk\u00e1lok, hogy mit tev\u00e9kenykednek a kis bar\u00e1taim. Egyik nap azonban \u00e9szrevettem, hogy a madarak nem voltak a szok\u00e1sos hely\u00fck\u00f6n, a l\u00e1tv\u00e1ny hi\u00e1nyos volt. Megk\u00e9rdeztem az anyuk\u00e1mat, hogy hova t\u0171nhettek a madarak. Mire k\u00f6z\u00f6lte, hogy elfogyott a napraforg\u00f3 mag&#8230;&#8221;<\/em> <\/p>\n\n\n\n<figure class=\"wp-block-image size-large\"><img loading=\"lazy\" decoding=\"async\" width=\"1024\" height=\"741\" src=\"https:\/\/almasibalazs.hu\/wp-content\/uploads\/01-4-1024x741.jpg\" alt=\"\" class=\"wp-image-4301\" srcset=\"https:\/\/almasibalazs.hu\/wp-content\/uploads\/01-4-1024x741.jpg 1024w, https:\/\/almasibalazs.hu\/wp-content\/uploads\/01-4-300x217.jpg 300w, https:\/\/almasibalazs.hu\/wp-content\/uploads\/01-4-768x556.jpg 768w, https:\/\/almasibalazs.hu\/wp-content\/uploads\/01-4.jpg 1072w\" sizes=\"auto, (max-width: 767px) 89vw, (max-width: 1000px) 54vw, (max-width: 1071px) 543px, 580px\" \/><\/figure>\n\n\n\n<p>A <em>Rajz \u00e9s vizu\u00e1lis kommunik\u00e1ci\u00f3 2.<\/em> t\u00e1rgy keret\u00e9ben rendszeresen k\u00e9sz\u00edt\u00fcnk kisebb-nagyobb install\u00e1ci\u00f3kat k\u00f6z\u00f6sen a t\u00e1j\u00e9p\u00edt\u00e9sz, kertm\u0171v\u00e9sz hallgat\u00f3kkal. 2020-ban Megkeresett minket Budapest F\u0151v\u00e1ros \u00d6nkorm\u00e1nyzata, hogy vegy\u00fcnk r\u00e9szt vel\u00fck k\u00f6z\u00f6sen az <strong>EU Interreg Danube Transnational Programme URBforDAN 2020 <\/strong>alprogramj\u00e1nak keret\u00e9ben a <em>v\u00e1rosi erd\u0151k fenntarthat\u00f3 fejl\u0151d\u00e9s\u00e9nek el\u0151mozd\u00edt\u00e1sa<\/em> t\u00e9m\u00e1j\u00fa projektben. <\/p>\n\n\n\n<figure class=\"wp-block-image size-large\"><img loading=\"lazy\" decoding=\"async\" width=\"1024\" height=\"662\" src=\"https:\/\/almasibalazs.hu\/wp-content\/uploads\/02-3-1024x662.jpg\" alt=\"\" class=\"wp-image-4300\" srcset=\"https:\/\/almasibalazs.hu\/wp-content\/uploads\/02-3-1024x662.jpg 1024w, https:\/\/almasibalazs.hu\/wp-content\/uploads\/02-3-300x194.jpg 300w, https:\/\/almasibalazs.hu\/wp-content\/uploads\/02-3-768x497.jpg 768w, https:\/\/almasibalazs.hu\/wp-content\/uploads\/02-3.jpg 1280w\" sizes=\"auto, (max-width: 767px) 89vw, (max-width: 1000px) 54vw, (max-width: 1071px) 543px, 580px\" \/><\/figure>\n\n\n\n<figure class=\"wp-block-image size-large\"><img loading=\"lazy\" decoding=\"async\" width=\"1024\" height=\"473\" src=\"https:\/\/almasibalazs.hu\/wp-content\/uploads\/vizkom2-1024x473.jpg\" alt=\"\" class=\"wp-image-4312\" srcset=\"https:\/\/almasibalazs.hu\/wp-content\/uploads\/vizkom2-1024x473.jpg 1024w, https:\/\/almasibalazs.hu\/wp-content\/uploads\/vizkom2-300x139.jpg 300w, https:\/\/almasibalazs.hu\/wp-content\/uploads\/vizkom2-768x355.jpg 768w, https:\/\/almasibalazs.hu\/wp-content\/uploads\/vizkom2-1536x709.jpg 1536w, https:\/\/almasibalazs.hu\/wp-content\/uploads\/vizkom2-2048x946.jpg 2048w\" sizes=\"auto, (max-width: 767px) 89vw, (max-width: 1000px) 54vw, (max-width: 1071px) 543px, 580px\" \/><\/figure>\n\n\n\n<p>A h\u00e1rmashat\u00e1r-hegy oldal\u00e1ban, egy elhanyagolt erd\u0151ter\u00fclet meg\u00faj\u00edt\u00e1s\u00e1hoz k\u00e9sz\u00edtett\u00fcnk install\u00e1ci\u00f3 koncepci\u00f3kat. A megannyi izgalmas \u00f6tlet k\u00f6z\u00fcl v\u00e1lasztottuk ki a <em><strong>Mad\u00e1rgal\u00e9ria <\/strong><\/em>c\u00edmet visel\u0151 elk\u00e9pzel\u00e9st, amelyet v\u00e9g\u00fcl term\u00e9szetv\u00e9delmi okokb\u00f3l az eredetileg tervezett erd\u0151 helyett, a Budai Arbor\u00e9tumban val\u00f3s\u00edtottunk meg.<\/p>\n\n\n\n<figure class=\"wp-block-image size-large\"><img loading=\"lazy\" decoding=\"async\" width=\"1024\" height=\"768\" src=\"https:\/\/almasibalazs.hu\/wp-content\/uploads\/242652185_458802415292146_7407939212304476873_n-1024x768.jpg\" alt=\"\" class=\"wp-image-4302\" srcset=\"https:\/\/almasibalazs.hu\/wp-content\/uploads\/242652185_458802415292146_7407939212304476873_n-1024x768.jpg 1024w, https:\/\/almasibalazs.hu\/wp-content\/uploads\/242652185_458802415292146_7407939212304476873_n-300x225.jpg 300w, https:\/\/almasibalazs.hu\/wp-content\/uploads\/242652185_458802415292146_7407939212304476873_n-768x576.jpg 768w, https:\/\/almasibalazs.hu\/wp-content\/uploads\/242652185_458802415292146_7407939212304476873_n.jpg 1440w\" sizes=\"auto, (max-width: 767px) 89vw, (max-width: 1000px) 54vw, (max-width: 1071px) 543px, 580px\" \/><\/figure>\n\n\n\n<figure class=\"wp-block-image size-large\"><img loading=\"lazy\" decoding=\"async\" width=\"542\" height=\"768\" src=\"https:\/\/almasibalazs.hu\/wp-content\/uploads\/palmer_vera_madargaleria-542x768.jpg\" alt=\"\" class=\"wp-image-4298\" srcset=\"https:\/\/almasibalazs.hu\/wp-content\/uploads\/palmer_vera_madargaleria-542x768.jpg 542w, https:\/\/almasibalazs.hu\/wp-content\/uploads\/palmer_vera_madargaleria-212x300.jpg 212w, https:\/\/almasibalazs.hu\/wp-content\/uploads\/palmer_vera_madargaleria-768x1088.jpg 768w, https:\/\/almasibalazs.hu\/wp-content\/uploads\/palmer_vera_madargaleria.jpg 843w\" sizes=\"auto, (max-width: 542px) 100vw, 542px\" \/><\/figure>\n\n\n\n<figure class=\"wp-block-image size-large\"><img loading=\"lazy\" decoding=\"async\" width=\"1024\" height=\"768\" src=\"https:\/\/almasibalazs.hu\/wp-content\/uploads\/IMG_20201016_113310-1024x768.jpg\" alt=\"\" class=\"wp-image-4303\" srcset=\"https:\/\/almasibalazs.hu\/wp-content\/uploads\/IMG_20201016_113310-1024x768.jpg 1024w, https:\/\/almasibalazs.hu\/wp-content\/uploads\/IMG_20201016_113310-300x225.jpg 300w, https:\/\/almasibalazs.hu\/wp-content\/uploads\/IMG_20201016_113310-768x576.jpg 768w, https:\/\/almasibalazs.hu\/wp-content\/uploads\/IMG_20201016_113310-1536x1152.jpg 1536w, https:\/\/almasibalazs.hu\/wp-content\/uploads\/IMG_20201016_113310-2048x1536.jpg 2048w\" sizes=\"auto, (max-width: 767px) 89vw, (max-width: 1000px) 54vw, (max-width: 1071px) 543px, 580px\" \/><\/figure>\n\n\n\n<figure class=\"wp-block-image size-large is-resized\"><img loading=\"lazy\" decoding=\"async\" width=\"768\" height=\"768\" src=\"https:\/\/almasibalazs.hu\/wp-content\/uploads\/03-Madargaleria-768x768.jpg\" alt=\"\" class=\"wp-image-4304\" style=\"width:674px;height:auto\" srcset=\"https:\/\/almasibalazs.hu\/wp-content\/uploads\/03-Madargaleria-768x768.jpg 768w, https:\/\/almasibalazs.hu\/wp-content\/uploads\/03-Madargaleria-300x300.jpg 300w, https:\/\/almasibalazs.hu\/wp-content\/uploads\/03-Madargaleria-150x150.jpg 150w, https:\/\/almasibalazs.hu\/wp-content\/uploads\/03-Madargaleria-1536x1536.jpg 1536w, https:\/\/almasibalazs.hu\/wp-content\/uploads\/03-Madargaleria-2048x2048.jpg 2048w, https:\/\/almasibalazs.hu\/wp-content\/uploads\/03-Madargaleria-100x100.jpg 100w\" sizes=\"auto, (max-width: 767px) 89vw, (max-width: 1000px) 54vw, (max-width: 1071px) 543px, 580px\" \/><\/figure>\n\n\n\n<figure class=\"wp-block-image size-large\"><img loading=\"lazy\" decoding=\"async\" width=\"1024\" height=\"756\" src=\"https:\/\/almasibalazs.hu\/wp-content\/uploads\/Madar-galeria-csopikep-2020-1024x756.jpg\" alt=\"\" class=\"wp-image-4305\" srcset=\"https:\/\/almasibalazs.hu\/wp-content\/uploads\/Madar-galeria-csopikep-2020-1024x756.jpg 1024w, https:\/\/almasibalazs.hu\/wp-content\/uploads\/Madar-galeria-csopikep-2020-300x222.jpg 300w, https:\/\/almasibalazs.hu\/wp-content\/uploads\/Madar-galeria-csopikep-2020-768x567.jpg 768w, https:\/\/almasibalazs.hu\/wp-content\/uploads\/Madar-galeria-csopikep-2020-1536x1135.jpg 1536w, https:\/\/almasibalazs.hu\/wp-content\/uploads\/Madar-galeria-csopikep-2020-2048x1513.jpg 2048w\" sizes=\"auto, (max-width: 767px) 89vw, (max-width: 1000px) 54vw, (max-width: 1071px) 543px, 580px\" \/><\/figure>\n","protected":false},"excerpt":{"rendered":"","protected":false},"author":1,"featured_media":4307,"comment_status":"open","ping_status":"open","sticky":false,"template":"","format":"standard","meta":{"_monsterinsights_skip_tracking":false,"_monsterinsights_sitenote_active":false,"_monsterinsights_sitenote_note":"","_monsterinsights_sitenote_category":0,"footnotes":""},"categories":[11],"tags":[609,649,647,413,644,415,652],"class_list":["post-4296","post","type-post","status-publish","format-standard","has-post-thumbnail","hentry","category-land-art","tag-arboretum","tag-budai-arboretum","tag-egyetemi","tag-land-art","tag-madargaleria","tag-muveszet","tag-szie"],"_links":{"self":[{"href":"https:\/\/almasibalazs.hu\/index.php?rest_route=\/wp\/v2\/posts\/4296","targetHints":{"allow":["GET"]}}],"collection":[{"href":"https:\/\/almasibalazs.hu\/index.php?rest_route=\/wp\/v2\/posts"}],"about":[{"href":"https:\/\/almasibalazs.hu\/index.php?rest_route=\/wp\/v2\/types\/post"}],"author":[{"embeddable":true,"href":"https:\/\/almasibalazs.hu\/index.php?rest_route=\/wp\/v2\/users\/1"}],"replies":[{"embeddable":true,"href":"https:\/\/almasibalazs.hu\/index.php?rest_route=%2Fwp%2Fv2%2Fcomments&post=4296"}],"version-history":[{"count":3,"href":"https:\/\/almasibalazs.hu\/index.php?rest_route=\/wp\/v2\/posts\/4296\/revisions"}],"predecessor-version":[{"id":4315,"href":"https:\/\/almasibalazs.hu\/index.php?rest_route=\/wp\/v2\/posts\/4296\/revisions\/4315"}],"wp:featuredmedia":[{"embeddable":true,"href":"https:\/\/almasibalazs.hu\/index.php?rest_route=\/wp\/v2\/media\/4307"}],"wp:attachment":[{"href":"https:\/\/almasibalazs.hu\/index.php?rest_route=%2Fwp%2Fv2%2Fmedia&parent=4296"}],"wp:term":[{"taxonomy":"category","embeddable":true,"href":"https:\/\/almasibalazs.hu\/index.php?rest_route=%2Fwp%2Fv2%2Fcategories&post=4296"},{"taxonomy":"post_tag","embeddable":true,"href":"https:\/\/almasibalazs.hu\/index.php?rest_route=%2Fwp%2Fv2%2Ftags&post=4296"}],"curies":[{"name":"wp","href":"https:\/\/api.w.org\/{rel}","templated":true}]}}